{"id":6288,"date":"2025-03-04T10:11:00","date_gmt":"2025-03-04T10:11:00","guid":{"rendered":"https:\/\/basilicaconcepcion.es\/?p=6288"},"modified":"2026-03-22T22:32:42","modified_gmt":"2026-03-22T22:32:42","slug":"el-apocalipsis-en-imagenes","status":"publish","type":"post","link":"https:\/\/basilicaconcepcion.es\/index.php\/2025\/03\/04\/el-apocalipsis-en-imagenes\/","title":{"rendered":"El Apocalipsis en im\u00e1genes"},"content":{"rendered":"<h4 data-path-to-node=\"3\"><b data-path-to-node=\"3\" data-index-in-node=\"0\">El Apocalipsis en im\u00e1genes. <\/b><b data-path-to-node=\"4\" data-index-in-node=\"0\">El Evangelio de la esperanza<\/b><\/h4>\n<p data-path-to-node=\"5\"><b data-path-to-node=\"5\" data-index-in-node=\"0\">S\u00e1bado 14 de marzo, 12 horas<\/b> <b data-path-to-node=\"5\" data-index-in-node=\"29\">Calle Goya, 26, Sal\u00f3n Juan Pablo II<\/b><\/p>\n<p data-path-to-node=\"6\"><b data-path-to-node=\"6\" data-index-in-node=\"0\">Mar\u00eda \u00c1ngeles Masi\u00e1 y Luis Santiago Piqueras<\/b><\/p>\n<p data-path-to-node=\"6\">(Organiza: Gothia)<\/p>\n","protected":false},"excerpt":{"rendered":"<p>El Apocalipsis en im\u00e1genes. El Evangelio de la esperanza S\u00e1bado 14 de marzo, 12 horas Calle Goya, 26, Sal\u00f3n Juan Pablo II Mar\u00eda \u00c1ngeles Masi\u00e1 y Luis Santiago Piqueras (Organiza: Gothia)<\/p>\n","protected":false},"author":3,"featured_media":6289,"comment_status":"closed","ping_status":"closed","sticky":false,"template":"","format":"standard","meta":{"_et_pb_use_builder":"","_et_pb_old_content":"","_et_gb_content_width":"","footnotes":""},"categories":[8],"tags":[],"class_list":["post-6288","post","type-post","status-publish","format-standard","has-post-thumbnail","hentry","category-actualidad"],"yoast_head":"<!-- This site is optimized with the Yoast SEO plugin v26.5 - https:\/\/yoast.com\/wordpress\/plugins\/seo\/ -->\n<title>El Apocalipsis en im\u00e1genes - Bas\u00edlica de la Concepci\u00f3n<\/title>\n<meta name=\"robots\" content=\"index, follow, max-snippet:-1, max-image-preview:large, max-video-preview:-1\" \/>\n<link rel=\"canonical\" href=\"https:\/\/basilicaconcepcion.es\/index.php\/2025\/03\/04\/el-apocalipsis-en-imagenes\/\" \/>\n<meta property=\"og:locale\" content=\"es_ES\" \/>\n<meta property=\"og:type\" content=\"article\" \/>\n<meta property=\"og:title\" content=\"El Apocalipsis en im\u00e1genes - Bas\u00edlica de la Concepci\u00f3n\" \/>\n<meta property=\"og:description\" content=\"El Apocalipsis en im\u00e1genes. El Evangelio de la esperanza S\u00e1bado 14 de marzo, 12 horas Calle Goya, 26, Sal\u00f3n Juan Pablo II Mar\u00eda \u00c1ngeles Masi\u00e1 y Luis Santiago Piqueras (Organiza: Gothia)\" \/>\n<meta property=\"og:url\" content=\"https:\/\/basilicaconcepcion.es\/index.php\/2025\/03\/04\/el-apocalipsis-en-imagenes\/\" \/>\n<meta property=\"og:site_name\" content=\"Bas\u00edlica de la Concepci\u00f3n\" \/>\n<meta property=\"article:published_time\" content=\"2025-03-04T10:11:00+00:00\" \/>\n<meta property=\"article:modified_time\" content=\"2026-03-22T22:32:42+00:00\" \/>\n<meta property=\"og:image\" content=\"https:\/\/basilicaconcepcion.es\/wp-content\/uploads\/2026\/03\/Gemini_Generated_Image_ylgqbjylgqbjylgq-1024x728.png\" \/>\n\t<meta property=\"og:image:width\" content=\"1024\" \/>\n\t<meta property=\"og:image:height\" content=\"728\" \/>\n\t<meta property=\"og:image:type\" content=\"image\/png\" \/>\n<meta name=\"author\" content=\"Juan Santamar\u00eda\" \/>\n<meta name=\"twitter:card\" content=\"summary_large_image\" \/>\n<meta name=\"twitter:label1\" content=\"Escrito por\" \/>\n\t<meta name=\"twitter:data1\" content=\"Juan Santamar\u00eda\" \/>\n\t<meta name=\"twitter:label2\" content=\"Tiempo de lectura\" \/>\n\t<meta name=\"twitter:data2\" content=\"1 minuto\" \/>\n<script type=\"application\/ld+json\" class=\"yoast-schema-graph\">{\"@context\":\"https:\/\/schema.org\",\"@graph\":[{\"@type\":\"WebPage\",\"@id\":\"https:\/\/basilicaconcepcion.es\/index.php\/2025\/03\/04\/el-apocalipsis-en-imagenes\/\",\"url\":\"https:\/\/basilicaconcepcion.es\/index.php\/2025\/03\/04\/el-apocalipsis-en-imagenes\/\",\"name\":\"El Apocalipsis en im\u00e1genes - Bas\u00edlica de la Concepci\u00f3n\",\"isPartOf\":{\"@id\":\"https:\/\/basilicaconcepcion.es\/#website\"},\"primaryImageOfPage\":{\"@id\":\"https:\/\/basilicaconcepcion.es\/index.php\/2025\/03\/04\/el-apocalipsis-en-imagenes\/#primaryimage\"},\"image\":{\"@id\":\"https:\/\/basilicaconcepcion.es\/index.php\/2025\/03\/04\/el-apocalipsis-en-imagenes\/#primaryimage\"},\"thumbnailUrl\":\"https:\/\/basilicaconcepcion.es\/wp-content\/uploads\/2026\/03\/Gemini_Generated_Image_ylgqbjylgqbjylgq.png\",\"datePublished\":\"2025-03-04T10:11:00+00:00\",\"dateModified\":\"2026-03-22T22:32:42+00:00\",\"author\":{\"@id\":\"https:\/\/basilicaconcepcion.es\/#\/schema\/person\/66056d2606ccfa8b947167d70e9a9963\"},\"breadcrumb\":{\"@id\":\"https:\/\/basilicaconcepcion.es\/index.php\/2025\/03\/04\/el-apocalipsis-en-imagenes\/#breadcrumb\"},\"inLanguage\":\"es\",\"potentialAction\":[{\"@type\":\"ReadAction\",\"target\":[\"https:\/\/basilicaconcepcion.es\/index.php\/2025\/03\/04\/el-apocalipsis-en-imagenes\/\"]}]},{\"@type\":\"ImageObject\",\"inLanguage\":\"es\",\"@id\":\"https:\/\/basilicaconcepcion.es\/index.php\/2025\/03\/04\/el-apocalipsis-en-imagenes\/#primaryimage\",\"url\":\"https:\/\/basilicaconcepcion.es\/wp-content\/uploads\/2026\/03\/Gemini_Generated_Image_ylgqbjylgqbjylgq.png\",\"contentUrl\":\"https:\/\/basilicaconcepcion.es\/wp-content\/uploads\/2026\/03\/Gemini_Generated_Image_ylgqbjylgqbjylgq.png\",\"width\":2432,\"height\":1728},{\"@type\":\"BreadcrumbList\",\"@id\":\"https:\/\/basilicaconcepcion.es\/index.php\/2025\/03\/04\/el-apocalipsis-en-imagenes\/#breadcrumb\",\"itemListElement\":[{\"@type\":\"ListItem\",\"position\":1,\"name\":\"Portada\",\"item\":\"https:\/\/basilicaconcepcion.es\/\"},{\"@type\":\"ListItem\",\"position\":2,\"name\":\"El Apocalipsis en im\u00e1genes\"}]},{\"@type\":\"WebSite\",\"@id\":\"https:\/\/basilicaconcepcion.es\/#website\",\"url\":\"https:\/\/basilicaconcepcion.es\/\",\"name\":\"Bas\u00edlica de la Concepci\u00f3n\",\"description\":\"\",\"potentialAction\":[{\"@type\":\"SearchAction\",\"target\":{\"@type\":\"EntryPoint\",\"urlTemplate\":\"https:\/\/basilicaconcepcion.es\/?s={search_term_string}\"},\"query-input\":{\"@type\":\"PropertyValueSpecification\",\"valueRequired\":true,\"valueName\":\"search_term_string\"}}],\"inLanguage\":\"es\"},{\"@type\":\"Person\",\"@id\":\"https:\/\/basilicaconcepcion.es\/#\/schema\/person\/66056d2606ccfa8b947167d70e9a9963\",\"name\":\"Juan Santamar\u00eda\",\"image\":{\"@type\":\"ImageObject\",\"inLanguage\":\"es\",\"@id\":\"https:\/\/basilicaconcepcion.es\/#\/schema\/person\/image\/\",\"url\":\"https:\/\/secure.gravatar.com\/avatar\/c76c262c3f11691e6626d3714168e730b63225ea1ae653ec217a0a5ffa36e22e?s=96&d=mm&r=g\",\"contentUrl\":\"https:\/\/secure.gravatar.com\/avatar\/c76c262c3f11691e6626d3714168e730b63225ea1ae653ec217a0a5ffa36e22e?s=96&d=mm&r=g\",\"caption\":\"Juan Santamar\u00eda\"},\"url\":\"https:\/\/basilicaconcepcion.es\/index.php\/author\/juansantamaria\/\"}]}<\/script>\n<!-- \/ Yoast SEO plugin. -->","yoast_head_json":{"title":"El Apocalipsis en im\u00e1genes - Bas\u00edlica de la Concepci\u00f3n","robots":{"index":"index","follow":"follow","max-snippet":"max-snippet:-1","max-image-preview":"max-image-preview:large","max-video-preview":"max-video-preview:-1"},"canonical":"https:\/\/basilicaconcepcion.es\/index.php\/2025\/03\/04\/el-apocalipsis-en-imagenes\/","og_locale":"es_ES","og_type":"article","og_title":"El Apocalipsis en im\u00e1genes - Bas\u00edlica de la Concepci\u00f3n","og_description":"El Apocalipsis en im\u00e1genes. El Evangelio de la esperanza S\u00e1bado 14 de marzo, 12 horas Calle Goya, 26, Sal\u00f3n Juan Pablo II Mar\u00eda \u00c1ngeles Masi\u00e1 y Luis Santiago Piqueras (Organiza: Gothia)","og_url":"https:\/\/basilicaconcepcion.es\/index.php\/2025\/03\/04\/el-apocalipsis-en-imagenes\/","og_site_name":"Bas\u00edlica de la Concepci\u00f3n","article_published_time":"2025-03-04T10:11:00+00:00","article_modified_time":"2026-03-22T22:32:42+00:00","og_image":[{"width":1024,"height":728,"url":"https:\/\/basilicaconcepcion.es\/wp-content\/uploads\/2026\/03\/Gemini_Generated_Image_ylgqbjylgqbjylgq-1024x728.png","type":"image\/png"}],"author":"Juan Santamar\u00eda","twitter_card":"summary_large_image","twitter_misc":{"Escrito por":"Juan Santamar\u00eda","Tiempo de lectura":"1 minuto"},"schema":{"@context":"https:\/\/schema.org","@graph":[{"@type":"WebPage","@id":"https:\/\/basilicaconcepcion.es\/index.php\/2025\/03\/04\/el-apocalipsis-en-imagenes\/","url":"https:\/\/basilicaconcepcion.es\/index.php\/2025\/03\/04\/el-apocalipsis-en-imagenes\/","name":"El Apocalipsis en im\u00e1genes - Bas\u00edlica de la Concepci\u00f3n","isPartOf":{"@id":"https:\/\/basilicaconcepcion.es\/#website"},"primaryImageOfPage":{"@id":"https:\/\/basilicaconcepcion.es\/index.php\/2025\/03\/04\/el-apocalipsis-en-imagenes\/#primaryimage"},"image":{"@id":"https:\/\/basilicaconcepcion.es\/index.php\/2025\/03\/04\/el-apocalipsis-en-imagenes\/#primaryimage"},"thumbnailUrl":"https:\/\/basilicaconcepcion.es\/wp-content\/uploads\/2026\/03\/Gemini_Generated_Image_ylgqbjylgqbjylgq.png","datePublished":"2025-03-04T10:11:00+00:00","dateModified":"2026-03-22T22:32:42+00:00","author":{"@id":"https:\/\/basilicaconcepcion.es\/#\/schema\/person\/66056d2606ccfa8b947167d70e9a9963"},"breadcrumb":{"@id":"https:\/\/basilicaconcepcion.es\/index.php\/2025\/03\/04\/el-apocalipsis-en-imagenes\/#breadcrumb"},"inLanguage":"es","potentialAction":[{"@type":"ReadAction","target":["https:\/\/basilicaconcepcion.es\/index.php\/2025\/03\/04\/el-apocalipsis-en-imagenes\/"]}]},{"@type":"ImageObject","inLanguage":"es","@id":"https:\/\/basilicaconcepcion.es\/index.php\/2025\/03\/04\/el-apocalipsis-en-imagenes\/#primaryimage","url":"https:\/\/basilicaconcepcion.es\/wp-content\/uploads\/2026\/03\/Gemini_Generated_Image_ylgqbjylgqbjylgq.png","contentUrl":"https:\/\/basilicaconcepcion.es\/wp-content\/uploads\/2026\/03\/Gemini_Generated_Image_ylgqbjylgqbjylgq.png","width":2432,"height":1728},{"@type":"BreadcrumbList","@id":"https:\/\/basilicaconcepcion.es\/index.php\/2025\/03\/04\/el-apocalipsis-en-imagenes\/#breadcrumb","itemListElement":[{"@type":"ListItem","position":1,"name":"Portada","item":"https:\/\/basilicaconcepcion.es\/"},{"@type":"ListItem","position":2,"name":"El Apocalipsis en im\u00e1genes"}]},{"@type":"WebSite","@id":"https:\/\/basilicaconcepcion.es\/#website","url":"https:\/\/basilicaconcepcion.es\/","name":"Bas\u00edlica de la Concepci\u00f3n","description":"","potentialAction":[{"@type":"SearchAction","target":{"@type":"EntryPoint","urlTemplate":"https:\/\/basilicaconcepcion.es\/?s={search_term_string}"},"query-input":{"@type":"PropertyValueSpecification","valueRequired":true,"valueName":"search_term_string"}}],"inLanguage":"es"},{"@type":"Person","@id":"https:\/\/basilicaconcepcion.es\/#\/schema\/person\/66056d2606ccfa8b947167d70e9a9963","name":"Juan Santamar\u00eda","image":{"@type":"ImageObject","inLanguage":"es","@id":"https:\/\/basilicaconcepcion.es\/#\/schema\/person\/image\/","url":"https:\/\/secure.gravatar.com\/avatar\/c76c262c3f11691e6626d3714168e730b63225ea1ae653ec217a0a5ffa36e22e?s=96&d=mm&r=g","contentUrl":"https:\/\/secure.gravatar.com\/avatar\/c76c262c3f11691e6626d3714168e730b63225ea1ae653ec217a0a5ffa36e22e?s=96&d=mm&r=g","caption":"Juan Santamar\u00eda"},"url":"https:\/\/basilicaconcepcion.es\/index.php\/author\/juansantamaria\/"}]}},"_links":{"self":[{"href":"https:\/\/basilicaconcepcion.es\/index.php\/wp-json\/wp\/v2\/posts\/6288","targetHints":{"allow":["GET"]}}],"collection":[{"href":"https:\/\/basilicaconcepcion.es\/index.php\/wp-json\/wp\/v2\/posts"}],"about":[{"href":"https:\/\/basilicaconcepcion.es\/index.php\/wp-json\/wp\/v2\/types\/post"}],"author":[{"embeddable":true,"href":"https:\/\/basilicaconcepcion.es\/index.php\/wp-json\/wp\/v2\/users\/3"}],"replies":[{"embeddable":true,"href":"https:\/\/basilicaconcepcion.es\/index.php\/wp-json\/wp\/v2\/comments?post=6288"}],"version-history":[{"count":1,"href":"https:\/\/basilicaconcepcion.es\/index.php\/wp-json\/wp\/v2\/posts\/6288\/revisions"}],"predecessor-version":[{"id":6290,"href":"https:\/\/basilicaconcepcion.es\/index.php\/wp-json\/wp\/v2\/posts\/6288\/revisions\/6290"}],"wp:featuredmedia":[{"embeddable":true,"href":"https:\/\/basilicaconcepcion.es\/index.php\/wp-json\/wp\/v2\/media\/6289"}],"wp:attachment":[{"href":"https:\/\/basilicaconcepcion.es\/index.php\/wp-json\/wp\/v2\/media?parent=6288"}],"wp:term":[{"taxonomy":"category","embeddable":true,"href":"https:\/\/basilicaconcepcion.es\/index.php\/wp-json\/wp\/v2\/categories?post=6288"},{"taxonomy":"post_tag","embeddable":true,"href":"https:\/\/basilicaconcepcion.es\/index.php\/wp-json\/wp\/v2\/tags?post=6288"}],"curies":[{"name":"wp","href":"https:\/\/api.w.org\/{rel}","templated":true}]}}