{"id":6035,"date":"2024-10-30T01:56:54","date_gmt":"2024-10-30T01:56:54","guid":{"rendered":"https:\/\/basilicaconcepcion.es\/?p=6035"},"modified":"2025-11-03T07:14:17","modified_gmt":"2025-11-03T07:14:17","slug":"horario-para-las-fiestas-de-todos-los-santos-y-todos-los-fieles-difuntos","status":"publish","type":"post","link":"https:\/\/basilicaconcepcion.es\/index.php\/2024\/10\/30\/horario-para-las-fiestas-de-todos-los-santos-y-todos-los-fieles-difuntos\/","title":{"rendered":"Horario para las Fiestas de Todos los Santos y Todos los Fieles Difuntos"},"content":{"rendered":"<p>Misas para las fiestas de Todos los Santos y Todos los Fieles Difuntos:<br \/>\nViernes 30 (v\u00edspera): 19:30 y 20:30<br \/>\nS\u00e1bado 1 de noviembre \u2013 Solemnidad de Todos los Santos (horario de domingo: 9:00, 10:00, 11:00, 12:00, 13:00, 14:00, 18:00, 19:00, 20:30)<br \/>\nDomingo 2 de noviembre \u2013 Conmemoraci\u00f3n de todos los fieles difuntos <strong>(horario de domingo)<\/strong><\/p>\n<p>Adem\u00e1s habr\u00e1:<\/p>\n<p>Misa en las criptas antiguas \u2192 10:30 h<br \/>\nMisa en las criptas nuevas \u2192 12:30 h<\/p>\n","protected":false},"excerpt":{"rendered":"<p>Misas para las fiestas de Todos los Santos y Todos los Fieles Difuntos: Viernes 30 (v\u00edspera): 19:30 y 20:30 S\u00e1bado 1 de noviembre \u2013 Solemnidad de Todos los Santos (horario de domingo: 9:00, 10:00, 11:00, 12:00, 13:00, 14:00, 18:00, 19:00, 20:30) Domingo 2 de noviembre \u2013 Conmemoraci\u00f3n de todos los fieles difuntos (horario de domingo) [&hellip;]<\/p>\n","protected":false},"author":3,"featured_media":6041,"comment_status":"closed","ping_status":"closed","sticky":false,"template":"","format":"standard","meta":{"_et_pb_use_builder":"","_et_pb_old_content":"","_et_gb_content_width":"","footnotes":""},"categories":[8],"tags":[],"class_list":["post-6035","post","type-post","status-publish","format-standard","has-post-thumbnail","hentry","category-actualidad"],"yoast_head":"<!-- This site is optimized with the Yoast SEO plugin v26.5 - https:\/\/yoast.com\/wordpress\/plugins\/seo\/ -->\n<title>Horario para las Fiestas de Todos los Santos y Todos los Fieles Difuntos - Bas\u00edlica de la Concepci\u00f3n<\/title>\n<meta name=\"robots\" content=\"index, follow, max-snippet:-1, max-image-preview:large, max-video-preview:-1\" \/>\n<link rel=\"canonical\" href=\"https:\/\/basilicaconcepcion.es\/index.php\/2024\/10\/30\/horario-para-las-fiestas-de-todos-los-santos-y-todos-los-fieles-difuntos\/\" \/>\n<meta property=\"og:locale\" content=\"es_ES\" \/>\n<meta property=\"og:type\" content=\"article\" \/>\n<meta property=\"og:title\" content=\"Horario para las Fiestas de Todos los Santos y Todos los Fieles Difuntos - Bas\u00edlica de la Concepci\u00f3n\" \/>\n<meta property=\"og:description\" content=\"Misas para las fiestas de Todos los Santos y Todos los Fieles Difuntos: Viernes 30 (v\u00edspera): 19:30 y 20:30 S\u00e1bado 1 de noviembre \u2013 Solemnidad de Todos los Santos (horario de domingo: 9:00, 10:00, 11:00, 12:00, 13:00, 14:00, 18:00, 19:00, 20:30) Domingo 2 de noviembre \u2013 Conmemoraci\u00f3n de todos los fieles difuntos (horario de domingo) [&hellip;]\" \/>\n<meta property=\"og:url\" content=\"https:\/\/basilicaconcepcion.es\/index.php\/2024\/10\/30\/horario-para-las-fiestas-de-todos-los-santos-y-todos-los-fieles-difuntos\/\" \/>\n<meta property=\"og:site_name\" content=\"Bas\u00edlica de la Concepci\u00f3n\" \/>\n<meta property=\"article:published_time\" content=\"2024-10-30T01:56:54+00:00\" \/>\n<meta property=\"article:modified_time\" content=\"2025-11-03T07:14:17+00:00\" \/>\n<meta property=\"og:image\" content=\"https:\/\/basilicaconcepcion.es\/wp-content\/uploads\/2025\/10\/ChatGPT-Image-31-oct-2025-09_06_59-1024x683.png\" \/>\n\t<meta property=\"og:image:width\" content=\"1024\" \/>\n\t<meta property=\"og:image:height\" content=\"683\" \/>\n\t<meta property=\"og:image:type\" content=\"image\/png\" \/>\n<meta name=\"author\" content=\"Juan Santamar\u00eda\" \/>\n<meta name=\"twitter:card\" content=\"summary_large_image\" \/>\n<meta name=\"twitter:label1\" content=\"Escrito por\" \/>\n\t<meta name=\"twitter:data1\" content=\"Juan Santamar\u00eda\" \/>\n\t<meta name=\"twitter:label2\" content=\"Tiempo de lectura\" \/>\n\t<meta name=\"twitter:data2\" content=\"1 minuto\" \/>\n<script type=\"application\/ld+json\" class=\"yoast-schema-graph\">{\"@context\":\"https:\/\/schema.org\",\"@graph\":[{\"@type\":\"WebPage\",\"@id\":\"https:\/\/basilicaconcepcion.es\/index.php\/2024\/10\/30\/horario-para-las-fiestas-de-todos-los-santos-y-todos-los-fieles-difuntos\/\",\"url\":\"https:\/\/basilicaconcepcion.es\/index.php\/2024\/10\/30\/horario-para-las-fiestas-de-todos-los-santos-y-todos-los-fieles-difuntos\/\",\"name\":\"Horario para las Fiestas de Todos los Santos y Todos los Fieles Difuntos - Bas\u00edlica de la Concepci\u00f3n\",\"isPartOf\":{\"@id\":\"https:\/\/basilicaconcepcion.es\/#website\"},\"primaryImageOfPage\":{\"@id\":\"https:\/\/basilicaconcepcion.es\/index.php\/2024\/10\/30\/horario-para-las-fiestas-de-todos-los-santos-y-todos-los-fieles-difuntos\/#primaryimage\"},\"image\":{\"@id\":\"https:\/\/basilicaconcepcion.es\/index.php\/2024\/10\/30\/horario-para-las-fiestas-de-todos-los-santos-y-todos-los-fieles-difuntos\/#primaryimage\"},\"thumbnailUrl\":\"https:\/\/basilicaconcepcion.es\/wp-content\/uploads\/2025\/10\/ChatGPT-Image-31-oct-2025-09_06_59.png\",\"datePublished\":\"2024-10-30T01:56:54+00:00\",\"dateModified\":\"2025-11-03T07:14:17+00:00\",\"author\":{\"@id\":\"https:\/\/basilicaconcepcion.es\/#\/schema\/person\/66056d2606ccfa8b947167d70e9a9963\"},\"breadcrumb\":{\"@id\":\"https:\/\/basilicaconcepcion.es\/index.php\/2024\/10\/30\/horario-para-las-fiestas-de-todos-los-santos-y-todos-los-fieles-difuntos\/#breadcrumb\"},\"inLanguage\":\"es\",\"potentialAction\":[{\"@type\":\"ReadAction\",\"target\":[\"https:\/\/basilicaconcepcion.es\/index.php\/2024\/10\/30\/horario-para-las-fiestas-de-todos-los-santos-y-todos-los-fieles-difuntos\/\"]}]},{\"@type\":\"ImageObject\",\"inLanguage\":\"es\",\"@id\":\"https:\/\/basilicaconcepcion.es\/index.php\/2024\/10\/30\/horario-para-las-fiestas-de-todos-los-santos-y-todos-los-fieles-difuntos\/#primaryimage\",\"url\":\"https:\/\/basilicaconcepcion.es\/wp-content\/uploads\/2025\/10\/ChatGPT-Image-31-oct-2025-09_06_59.png\",\"contentUrl\":\"https:\/\/basilicaconcepcion.es\/wp-content\/uploads\/2025\/10\/ChatGPT-Image-31-oct-2025-09_06_59.png\",\"width\":1536,\"height\":1024},{\"@type\":\"BreadcrumbList\",\"@id\":\"https:\/\/basilicaconcepcion.es\/index.php\/2024\/10\/30\/horario-para-las-fiestas-de-todos-los-santos-y-todos-los-fieles-difuntos\/#breadcrumb\",\"itemListElement\":[{\"@type\":\"ListItem\",\"position\":1,\"name\":\"Portada\",\"item\":\"https:\/\/basilicaconcepcion.es\/\"},{\"@type\":\"ListItem\",\"position\":2,\"name\":\"Horario para las Fiestas de Todos los Santos y Todos los Fieles Difuntos\"}]},{\"@type\":\"WebSite\",\"@id\":\"https:\/\/basilicaconcepcion.es\/#website\",\"url\":\"https:\/\/basilicaconcepcion.es\/\",\"name\":\"Bas\u00edlica de la Concepci\u00f3n\",\"description\":\"\",\"potentialAction\":[{\"@type\":\"SearchAction\",\"target\":{\"@type\":\"EntryPoint\",\"urlTemplate\":\"https:\/\/basilicaconcepcion.es\/?s={search_term_string}\"},\"query-input\":{\"@type\":\"PropertyValueSpecification\",\"valueRequired\":true,\"valueName\":\"search_term_string\"}}],\"inLanguage\":\"es\"},{\"@type\":\"Person\",\"@id\":\"https:\/\/basilicaconcepcion.es\/#\/schema\/person\/66056d2606ccfa8b947167d70e9a9963\",\"name\":\"Juan Santamar\u00eda\",\"image\":{\"@type\":\"ImageObject\",\"inLanguage\":\"es\",\"@id\":\"https:\/\/basilicaconcepcion.es\/#\/schema\/person\/image\/\",\"url\":\"https:\/\/secure.gravatar.com\/avatar\/c76c262c3f11691e6626d3714168e730b63225ea1ae653ec217a0a5ffa36e22e?s=96&d=mm&r=g\",\"contentUrl\":\"https:\/\/secure.gravatar.com\/avatar\/c76c262c3f11691e6626d3714168e730b63225ea1ae653ec217a0a5ffa36e22e?s=96&d=mm&r=g\",\"caption\":\"Juan Santamar\u00eda\"},\"url\":\"https:\/\/basilicaconcepcion.es\/index.php\/author\/juansantamaria\/\"}]}<\/script>\n<!-- \/ Yoast SEO plugin. -->","yoast_head_json":{"title":"Horario para las Fiestas de Todos los Santos y Todos los Fieles Difuntos - Bas\u00edlica de la Concepci\u00f3n","robots":{"index":"index","follow":"follow","max-snippet":"max-snippet:-1","max-image-preview":"max-image-preview:large","max-video-preview":"max-video-preview:-1"},"canonical":"https:\/\/basilicaconcepcion.es\/index.php\/2024\/10\/30\/horario-para-las-fiestas-de-todos-los-santos-y-todos-los-fieles-difuntos\/","og_locale":"es_ES","og_type":"article","og_title":"Horario para las Fiestas de Todos los Santos y Todos los Fieles Difuntos - Bas\u00edlica de la Concepci\u00f3n","og_description":"Misas para las fiestas de Todos los Santos y Todos los Fieles Difuntos: Viernes 30 (v\u00edspera): 19:30 y 20:30 S\u00e1bado 1 de noviembre \u2013 Solemnidad de Todos los Santos (horario de domingo: 9:00, 10:00, 11:00, 12:00, 13:00, 14:00, 18:00, 19:00, 20:30) Domingo 2 de noviembre \u2013 Conmemoraci\u00f3n de todos los fieles difuntos (horario de domingo) [&hellip;]","og_url":"https:\/\/basilicaconcepcion.es\/index.php\/2024\/10\/30\/horario-para-las-fiestas-de-todos-los-santos-y-todos-los-fieles-difuntos\/","og_site_name":"Bas\u00edlica de la Concepci\u00f3n","article_published_time":"2024-10-30T01:56:54+00:00","article_modified_time":"2025-11-03T07:14:17+00:00","og_image":[{"width":1024,"height":683,"url":"https:\/\/basilicaconcepcion.es\/wp-content\/uploads\/2025\/10\/ChatGPT-Image-31-oct-2025-09_06_59-1024x683.png","type":"image\/png"}],"author":"Juan Santamar\u00eda","twitter_card":"summary_large_image","twitter_misc":{"Escrito por":"Juan Santamar\u00eda","Tiempo de lectura":"1 minuto"},"schema":{"@context":"https:\/\/schema.org","@graph":[{"@type":"WebPage","@id":"https:\/\/basilicaconcepcion.es\/index.php\/2024\/10\/30\/horario-para-las-fiestas-de-todos-los-santos-y-todos-los-fieles-difuntos\/","url":"https:\/\/basilicaconcepcion.es\/index.php\/2024\/10\/30\/horario-para-las-fiestas-de-todos-los-santos-y-todos-los-fieles-difuntos\/","name":"Horario para las Fiestas de Todos los Santos y Todos los Fieles Difuntos - Bas\u00edlica de la Concepci\u00f3n","isPartOf":{"@id":"https:\/\/basilicaconcepcion.es\/#website"},"primaryImageOfPage":{"@id":"https:\/\/basilicaconcepcion.es\/index.php\/2024\/10\/30\/horario-para-las-fiestas-de-todos-los-santos-y-todos-los-fieles-difuntos\/#primaryimage"},"image":{"@id":"https:\/\/basilicaconcepcion.es\/index.php\/2024\/10\/30\/horario-para-las-fiestas-de-todos-los-santos-y-todos-los-fieles-difuntos\/#primaryimage"},"thumbnailUrl":"https:\/\/basilicaconcepcion.es\/wp-content\/uploads\/2025\/10\/ChatGPT-Image-31-oct-2025-09_06_59.png","datePublished":"2024-10-30T01:56:54+00:00","dateModified":"2025-11-03T07:14:17+00:00","author":{"@id":"https:\/\/basilicaconcepcion.es\/#\/schema\/person\/66056d2606ccfa8b947167d70e9a9963"},"breadcrumb":{"@id":"https:\/\/basilicaconcepcion.es\/index.php\/2024\/10\/30\/horario-para-las-fiestas-de-todos-los-santos-y-todos-los-fieles-difuntos\/#breadcrumb"},"inLanguage":"es","potentialAction":[{"@type":"ReadAction","target":["https:\/\/basilicaconcepcion.es\/index.php\/2024\/10\/30\/horario-para-las-fiestas-de-todos-los-santos-y-todos-los-fieles-difuntos\/"]}]},{"@type":"ImageObject","inLanguage":"es","@id":"https:\/\/basilicaconcepcion.es\/index.php\/2024\/10\/30\/horario-para-las-fiestas-de-todos-los-santos-y-todos-los-fieles-difuntos\/#primaryimage","url":"https:\/\/basilicaconcepcion.es\/wp-content\/uploads\/2025\/10\/ChatGPT-Image-31-oct-2025-09_06_59.png","contentUrl":"https:\/\/basilicaconcepcion.es\/wp-content\/uploads\/2025\/10\/ChatGPT-Image-31-oct-2025-09_06_59.png","width":1536,"height":1024},{"@type":"BreadcrumbList","@id":"https:\/\/basilicaconcepcion.es\/index.php\/2024\/10\/30\/horario-para-las-fiestas-de-todos-los-santos-y-todos-los-fieles-difuntos\/#breadcrumb","itemListElement":[{"@type":"ListItem","position":1,"name":"Portada","item":"https:\/\/basilicaconcepcion.es\/"},{"@type":"ListItem","position":2,"name":"Horario para las Fiestas de Todos los Santos y Todos los Fieles Difuntos"}]},{"@type":"WebSite","@id":"https:\/\/basilicaconcepcion.es\/#website","url":"https:\/\/basilicaconcepcion.es\/","name":"Bas\u00edlica de la Concepci\u00f3n","description":"","potentialAction":[{"@type":"SearchAction","target":{"@type":"EntryPoint","urlTemplate":"https:\/\/basilicaconcepcion.es\/?s={search_term_string}"},"query-input":{"@type":"PropertyValueSpecification","valueRequired":true,"valueName":"search_term_string"}}],"inLanguage":"es"},{"@type":"Person","@id":"https:\/\/basilicaconcepcion.es\/#\/schema\/person\/66056d2606ccfa8b947167d70e9a9963","name":"Juan Santamar\u00eda","image":{"@type":"ImageObject","inLanguage":"es","@id":"https:\/\/basilicaconcepcion.es\/#\/schema\/person\/image\/","url":"https:\/\/secure.gravatar.com\/avatar\/c76c262c3f11691e6626d3714168e730b63225ea1ae653ec217a0a5ffa36e22e?s=96&d=mm&r=g","contentUrl":"https:\/\/secure.gravatar.com\/avatar\/c76c262c3f11691e6626d3714168e730b63225ea1ae653ec217a0a5ffa36e22e?s=96&d=mm&r=g","caption":"Juan Santamar\u00eda"},"url":"https:\/\/basilicaconcepcion.es\/index.php\/author\/juansantamaria\/"}]}},"_links":{"self":[{"href":"https:\/\/basilicaconcepcion.es\/index.php\/wp-json\/wp\/v2\/posts\/6035","targetHints":{"allow":["GET"]}}],"collection":[{"href":"https:\/\/basilicaconcepcion.es\/index.php\/wp-json\/wp\/v2\/posts"}],"about":[{"href":"https:\/\/basilicaconcepcion.es\/index.php\/wp-json\/wp\/v2\/types\/post"}],"author":[{"embeddable":true,"href":"https:\/\/basilicaconcepcion.es\/index.php\/wp-json\/wp\/v2\/users\/3"}],"replies":[{"embeddable":true,"href":"https:\/\/basilicaconcepcion.es\/index.php\/wp-json\/wp\/v2\/comments?post=6035"}],"version-history":[{"count":2,"href":"https:\/\/basilicaconcepcion.es\/index.php\/wp-json\/wp\/v2\/posts\/6035\/revisions"}],"predecessor-version":[{"id":6039,"href":"https:\/\/basilicaconcepcion.es\/index.php\/wp-json\/wp\/v2\/posts\/6035\/revisions\/6039"}],"wp:featuredmedia":[{"embeddable":true,"href":"https:\/\/basilicaconcepcion.es\/index.php\/wp-json\/wp\/v2\/media\/6041"}],"wp:attachment":[{"href":"https:\/\/basilicaconcepcion.es\/index.php\/wp-json\/wp\/v2\/media?parent=6035"}],"wp:term":[{"taxonomy":"category","embeddable":true,"href":"https:\/\/basilicaconcepcion.es\/index.php\/wp-json\/wp\/v2\/categories?post=6035"},{"taxonomy":"post_tag","embeddable":true,"href":"https:\/\/basilicaconcepcion.es\/index.php\/wp-json\/wp\/v2\/tags?post=6035"}],"curies":[{"name":"wp","href":"https:\/\/api.w.org\/{rel}","templated":true}]}}