{"id":5646,"date":"2024-01-12T06:21:24","date_gmt":"2024-01-12T06:21:24","guid":{"rendered":"https:\/\/basilicaconcepcion.es\/?p=5646"},"modified":"2025-01-20T08:11:33","modified_gmt":"2025-01-20T08:11:33","slug":"retiro-parroquial-sabado-18-a-las-1730","status":"publish","type":"post","link":"https:\/\/basilicaconcepcion.es\/index.php\/2024\/01\/12\/retiro-parroquial-sabado-18-a-las-1730\/","title":{"rendered":"Retiro Parroquial s\u00e1bado 18 a las 17:30"},"content":{"rendered":"<p>El pr\u00f3ximo 18 de enero (tercer s\u00e1bado de mes) a las 17:30 en el sal\u00f3n Juan Pablo II tendr\u00e1 lugar el retiro mensual parroquial<\/p>\n","protected":false},"excerpt":{"rendered":"<p>El pr\u00f3ximo 18 de enero (tercer s\u00e1bado de mes) a las 17:30 en el sal\u00f3n Juan Pablo II tendr\u00e1 lugar el retiro mensual parroquial<\/p>\n","protected":false},"author":3,"featured_media":5648,"comment_status":"closed","ping_status":"closed","sticky":false,"template":"","format":"standard","meta":{"_et_pb_use_builder":"","_et_pb_old_content":"","_et_gb_content_width":"","footnotes":""},"categories":[8],"tags":[],"class_list":["post-5646","post","type-post","status-publish","format-standard","has-post-thumbnail","hentry","category-actualidad"],"yoast_head":"<!-- This site is optimized with the Yoast SEO plugin v26.5 - https:\/\/yoast.com\/wordpress\/plugins\/seo\/ -->\n<title>Retiro Parroquial s\u00e1bado 18 a las 17:30 - Bas\u00edlica de la Concepci\u00f3n<\/title>\n<meta name=\"robots\" content=\"index, follow, max-snippet:-1, max-image-preview:large, max-video-preview:-1\" \/>\n<link rel=\"canonical\" href=\"https:\/\/basilicaconcepcion.es\/index.php\/2024\/01\/12\/retiro-parroquial-sabado-18-a-las-1730\/\" \/>\n<meta property=\"og:locale\" content=\"es_ES\" \/>\n<meta property=\"og:type\" content=\"article\" \/>\n<meta property=\"og:title\" content=\"Retiro Parroquial s\u00e1bado 18 a las 17:30 - Bas\u00edlica de la Concepci\u00f3n\" \/>\n<meta property=\"og:description\" content=\"El pr\u00f3ximo 18 de enero (tercer s\u00e1bado de mes) a las 17:30 en el sal\u00f3n Juan Pablo II tendr\u00e1 lugar el retiro mensual parroquial\" \/>\n<meta property=\"og:url\" content=\"https:\/\/basilicaconcepcion.es\/index.php\/2024\/01\/12\/retiro-parroquial-sabado-18-a-las-1730\/\" \/>\n<meta property=\"og:site_name\" content=\"Bas\u00edlica de la Concepci\u00f3n\" \/>\n<meta property=\"article:published_time\" content=\"2024-01-12T06:21:24+00:00\" \/>\n<meta property=\"article:modified_time\" content=\"2025-01-20T08:11:33+00:00\" \/>\n<meta property=\"og:image\" content=\"https:\/\/basilicaconcepcion.es\/wp-content\/uploads\/2025\/01\/retiro-enero-2.png\" \/>\n\t<meta property=\"og:image:width\" content=\"672\" \/>\n\t<meta property=\"og:image:height\" content=\"448\" \/>\n\t<meta property=\"og:image:type\" content=\"image\/png\" \/>\n<meta name=\"author\" content=\"Juan Santamar\u00eda\" \/>\n<meta name=\"twitter:card\" content=\"summary_large_image\" \/>\n<meta name=\"twitter:label1\" content=\"Escrito por\" \/>\n\t<meta name=\"twitter:data1\" content=\"Juan Santamar\u00eda\" \/>\n\t<meta name=\"twitter:label2\" content=\"Tiempo de lectura\" \/>\n\t<meta name=\"twitter:data2\" content=\"1 minuto\" \/>\n<script type=\"application\/ld+json\" class=\"yoast-schema-graph\">{\"@context\":\"https:\/\/schema.org\",\"@graph\":[{\"@type\":\"WebPage\",\"@id\":\"https:\/\/basilicaconcepcion.es\/index.php\/2024\/01\/12\/retiro-parroquial-sabado-18-a-las-1730\/\",\"url\":\"https:\/\/basilicaconcepcion.es\/index.php\/2024\/01\/12\/retiro-parroquial-sabado-18-a-las-1730\/\",\"name\":\"Retiro Parroquial s\u00e1bado 18 a las 17:30 - Bas\u00edlica de la Concepci\u00f3n\",\"isPartOf\":{\"@id\":\"https:\/\/basilicaconcepcion.es\/#website\"},\"primaryImageOfPage\":{\"@id\":\"https:\/\/basilicaconcepcion.es\/index.php\/2024\/01\/12\/retiro-parroquial-sabado-18-a-las-1730\/#primaryimage\"},\"image\":{\"@id\":\"https:\/\/basilicaconcepcion.es\/index.php\/2024\/01\/12\/retiro-parroquial-sabado-18-a-las-1730\/#primaryimage\"},\"thumbnailUrl\":\"https:\/\/basilicaconcepcion.es\/wp-content\/uploads\/2025\/01\/retiro-enero-2.png\",\"datePublished\":\"2024-01-12T06:21:24+00:00\",\"dateModified\":\"2025-01-20T08:11:33+00:00\",\"author\":{\"@id\":\"https:\/\/basilicaconcepcion.es\/#\/schema\/person\/66056d2606ccfa8b947167d70e9a9963\"},\"breadcrumb\":{\"@id\":\"https:\/\/basilicaconcepcion.es\/index.php\/2024\/01\/12\/retiro-parroquial-sabado-18-a-las-1730\/#breadcrumb\"},\"inLanguage\":\"es\",\"potentialAction\":[{\"@type\":\"ReadAction\",\"target\":[\"https:\/\/basilicaconcepcion.es\/index.php\/2024\/01\/12\/retiro-parroquial-sabado-18-a-las-1730\/\"]}]},{\"@type\":\"ImageObject\",\"inLanguage\":\"es\",\"@id\":\"https:\/\/basilicaconcepcion.es\/index.php\/2024\/01\/12\/retiro-parroquial-sabado-18-a-las-1730\/#primaryimage\",\"url\":\"https:\/\/basilicaconcepcion.es\/wp-content\/uploads\/2025\/01\/retiro-enero-2.png\",\"contentUrl\":\"https:\/\/basilicaconcepcion.es\/wp-content\/uploads\/2025\/01\/retiro-enero-2.png\",\"width\":672,\"height\":448},{\"@type\":\"BreadcrumbList\",\"@id\":\"https:\/\/basilicaconcepcion.es\/index.php\/2024\/01\/12\/retiro-parroquial-sabado-18-a-las-1730\/#breadcrumb\",\"itemListElement\":[{\"@type\":\"ListItem\",\"position\":1,\"name\":\"Portada\",\"item\":\"https:\/\/basilicaconcepcion.es\/\"},{\"@type\":\"ListItem\",\"position\":2,\"name\":\"Retiro Parroquial s\u00e1bado 18 a las 17:30\"}]},{\"@type\":\"WebSite\",\"@id\":\"https:\/\/basilicaconcepcion.es\/#website\",\"url\":\"https:\/\/basilicaconcepcion.es\/\",\"name\":\"Bas\u00edlica de la Concepci\u00f3n\",\"description\":\"\",\"potentialAction\":[{\"@type\":\"SearchAction\",\"target\":{\"@type\":\"EntryPoint\",\"urlTemplate\":\"https:\/\/basilicaconcepcion.es\/?s={search_term_string}\"},\"query-input\":{\"@type\":\"PropertyValueSpecification\",\"valueRequired\":true,\"valueName\":\"search_term_string\"}}],\"inLanguage\":\"es\"},{\"@type\":\"Person\",\"@id\":\"https:\/\/basilicaconcepcion.es\/#\/schema\/person\/66056d2606ccfa8b947167d70e9a9963\",\"name\":\"Juan Santamar\u00eda\",\"image\":{\"@type\":\"ImageObject\",\"inLanguage\":\"es\",\"@id\":\"https:\/\/basilicaconcepcion.es\/#\/schema\/person\/image\/\",\"url\":\"https:\/\/secure.gravatar.com\/avatar\/c76c262c3f11691e6626d3714168e730b63225ea1ae653ec217a0a5ffa36e22e?s=96&d=mm&r=g\",\"contentUrl\":\"https:\/\/secure.gravatar.com\/avatar\/c76c262c3f11691e6626d3714168e730b63225ea1ae653ec217a0a5ffa36e22e?s=96&d=mm&r=g\",\"caption\":\"Juan Santamar\u00eda\"},\"url\":\"https:\/\/basilicaconcepcion.es\/index.php\/author\/juansantamaria\/\"}]}<\/script>\n<!-- \/ Yoast SEO plugin. -->","yoast_head_json":{"title":"Retiro Parroquial s\u00e1bado 18 a las 17:30 - Bas\u00edlica de la Concepci\u00f3n","robots":{"index":"index","follow":"follow","max-snippet":"max-snippet:-1","max-image-preview":"max-image-preview:large","max-video-preview":"max-video-preview:-1"},"canonical":"https:\/\/basilicaconcepcion.es\/index.php\/2024\/01\/12\/retiro-parroquial-sabado-18-a-las-1730\/","og_locale":"es_ES","og_type":"article","og_title":"Retiro Parroquial s\u00e1bado 18 a las 17:30 - Bas\u00edlica de la Concepci\u00f3n","og_description":"El pr\u00f3ximo 18 de enero (tercer s\u00e1bado de mes) a las 17:30 en el sal\u00f3n Juan Pablo II tendr\u00e1 lugar el retiro mensual parroquial","og_url":"https:\/\/basilicaconcepcion.es\/index.php\/2024\/01\/12\/retiro-parroquial-sabado-18-a-las-1730\/","og_site_name":"Bas\u00edlica de la Concepci\u00f3n","article_published_time":"2024-01-12T06:21:24+00:00","article_modified_time":"2025-01-20T08:11:33+00:00","og_image":[{"width":672,"height":448,"url":"https:\/\/basilicaconcepcion.es\/wp-content\/uploads\/2025\/01\/retiro-enero-2.png","type":"image\/png"}],"author":"Juan Santamar\u00eda","twitter_card":"summary_large_image","twitter_misc":{"Escrito por":"Juan Santamar\u00eda","Tiempo de lectura":"1 minuto"},"schema":{"@context":"https:\/\/schema.org","@graph":[{"@type":"WebPage","@id":"https:\/\/basilicaconcepcion.es\/index.php\/2024\/01\/12\/retiro-parroquial-sabado-18-a-las-1730\/","url":"https:\/\/basilicaconcepcion.es\/index.php\/2024\/01\/12\/retiro-parroquial-sabado-18-a-las-1730\/","name":"Retiro Parroquial s\u00e1bado 18 a las 17:30 - Bas\u00edlica de la Concepci\u00f3n","isPartOf":{"@id":"https:\/\/basilicaconcepcion.es\/#website"},"primaryImageOfPage":{"@id":"https:\/\/basilicaconcepcion.es\/index.php\/2024\/01\/12\/retiro-parroquial-sabado-18-a-las-1730\/#primaryimage"},"image":{"@id":"https:\/\/basilicaconcepcion.es\/index.php\/2024\/01\/12\/retiro-parroquial-sabado-18-a-las-1730\/#primaryimage"},"thumbnailUrl":"https:\/\/basilicaconcepcion.es\/wp-content\/uploads\/2025\/01\/retiro-enero-2.png","datePublished":"2024-01-12T06:21:24+00:00","dateModified":"2025-01-20T08:11:33+00:00","author":{"@id":"https:\/\/basilicaconcepcion.es\/#\/schema\/person\/66056d2606ccfa8b947167d70e9a9963"},"breadcrumb":{"@id":"https:\/\/basilicaconcepcion.es\/index.php\/2024\/01\/12\/retiro-parroquial-sabado-18-a-las-1730\/#breadcrumb"},"inLanguage":"es","potentialAction":[{"@type":"ReadAction","target":["https:\/\/basilicaconcepcion.es\/index.php\/2024\/01\/12\/retiro-parroquial-sabado-18-a-las-1730\/"]}]},{"@type":"ImageObject","inLanguage":"es","@id":"https:\/\/basilicaconcepcion.es\/index.php\/2024\/01\/12\/retiro-parroquial-sabado-18-a-las-1730\/#primaryimage","url":"https:\/\/basilicaconcepcion.es\/wp-content\/uploads\/2025\/01\/retiro-enero-2.png","contentUrl":"https:\/\/basilicaconcepcion.es\/wp-content\/uploads\/2025\/01\/retiro-enero-2.png","width":672,"height":448},{"@type":"BreadcrumbList","@id":"https:\/\/basilicaconcepcion.es\/index.php\/2024\/01\/12\/retiro-parroquial-sabado-18-a-las-1730\/#breadcrumb","itemListElement":[{"@type":"ListItem","position":1,"name":"Portada","item":"https:\/\/basilicaconcepcion.es\/"},{"@type":"ListItem","position":2,"name":"Retiro Parroquial s\u00e1bado 18 a las 17:30"}]},{"@type":"WebSite","@id":"https:\/\/basilicaconcepcion.es\/#website","url":"https:\/\/basilicaconcepcion.es\/","name":"Bas\u00edlica de la Concepci\u00f3n","description":"","potentialAction":[{"@type":"SearchAction","target":{"@type":"EntryPoint","urlTemplate":"https:\/\/basilicaconcepcion.es\/?s={search_term_string}"},"query-input":{"@type":"PropertyValueSpecification","valueRequired":true,"valueName":"search_term_string"}}],"inLanguage":"es"},{"@type":"Person","@id":"https:\/\/basilicaconcepcion.es\/#\/schema\/person\/66056d2606ccfa8b947167d70e9a9963","name":"Juan Santamar\u00eda","image":{"@type":"ImageObject","inLanguage":"es","@id":"https:\/\/basilicaconcepcion.es\/#\/schema\/person\/image\/","url":"https:\/\/secure.gravatar.com\/avatar\/c76c262c3f11691e6626d3714168e730b63225ea1ae653ec217a0a5ffa36e22e?s=96&d=mm&r=g","contentUrl":"https:\/\/secure.gravatar.com\/avatar\/c76c262c3f11691e6626d3714168e730b63225ea1ae653ec217a0a5ffa36e22e?s=96&d=mm&r=g","caption":"Juan Santamar\u00eda"},"url":"https:\/\/basilicaconcepcion.es\/index.php\/author\/juansantamaria\/"}]}},"_links":{"self":[{"href":"https:\/\/basilicaconcepcion.es\/index.php\/wp-json\/wp\/v2\/posts\/5646","targetHints":{"allow":["GET"]}}],"collection":[{"href":"https:\/\/basilicaconcepcion.es\/index.php\/wp-json\/wp\/v2\/posts"}],"about":[{"href":"https:\/\/basilicaconcepcion.es\/index.php\/wp-json\/wp\/v2\/types\/post"}],"author":[{"embeddable":true,"href":"https:\/\/basilicaconcepcion.es\/index.php\/wp-json\/wp\/v2\/users\/3"}],"replies":[{"embeddable":true,"href":"https:\/\/basilicaconcepcion.es\/index.php\/wp-json\/wp\/v2\/comments?post=5646"}],"version-history":[{"count":1,"href":"https:\/\/basilicaconcepcion.es\/index.php\/wp-json\/wp\/v2\/posts\/5646\/revisions"}],"predecessor-version":[{"id":5649,"href":"https:\/\/basilicaconcepcion.es\/index.php\/wp-json\/wp\/v2\/posts\/5646\/revisions\/5649"}],"wp:featuredmedia":[{"embeddable":true,"href":"https:\/\/basilicaconcepcion.es\/index.php\/wp-json\/wp\/v2\/media\/5648"}],"wp:attachment":[{"href":"https:\/\/basilicaconcepcion.es\/index.php\/wp-json\/wp\/v2\/media?parent=5646"}],"wp:term":[{"taxonomy":"category","embeddable":true,"href":"https:\/\/basilicaconcepcion.es\/index.php\/wp-json\/wp\/v2\/categories?post=5646"},{"taxonomy":"post_tag","embeddable":true,"href":"https:\/\/basilicaconcepcion.es\/index.php\/wp-json\/wp\/v2\/tags?post=5646"}],"curies":[{"name":"wp","href":"https:\/\/api.w.org\/{rel}","templated":true}]}}