{"id":5618,"date":"2025-02-09T12:49:02","date_gmt":"2025-02-09T12:49:02","guid":{"rendered":"https:\/\/basilicaconcepcion.es\/?p=5618"},"modified":"2025-02-10T05:31:25","modified_gmt":"2025-02-10T05:31:25","slug":"cineforum-ordet-la-palabra","status":"publish","type":"post","link":"https:\/\/basilicaconcepcion.es\/index.php\/2025\/02\/09\/cineforum-ordet-la-palabra\/","title":{"rendered":"Cineforum: Ordet (La Palabra)"},"content":{"rendered":"<p>El pr\u00f3ximo mi\u00e9rcoles 12 de febrero a las 19:00, (definitivamente) se proyectar\u00e1 la pel\u00edcula Ordet. Dirige el cineforum D. Eduardo Torres Dulce.<\/p>\n<p>Hacia 1930, en un peque\u00f1o pueblo de Jutlandia occidental, vive el viejo granjero Morten Borgen. Tiene tres hijos: Mikkel, Johannes y Anders. El primero est\u00e1 casado con Inger, tiene dos hijas peque\u00f1as y espera el nacimiento de su tercer hijo. Johannnes es un antiguo estudiante de Teolog\u00eda que, por haberse imbuido de las ideas de Kierkegaard e identificarse con la figura de Jesucristo, es considerado por todos como un loco. El tercero, Anders, est\u00e1 enamorado de la hija del sastre, l\u00edder intransigente de un sector religioso rival. Tal circunstancia revitaliza la discordia que siempre ha existido entre las dos familias, ya que ninguna ve con muy buenos ojos que sus hijos contraigan matrimonio.<\/p>\n<p><a href=\"https:\/\/www.filmaffinity.com\/es\/film489524.html\">https:\/\/www.filmaffinity.com\/es\/film489524.html<\/a><\/p>\n<p>&nbsp;<\/p>\n","protected":false},"excerpt":{"rendered":"<p>El pr\u00f3ximo mi\u00e9rcoles 12 de febrero a las 19:00, (definitivamente) se proyectar\u00e1 la pel\u00edcula Ordet. Dirige el cineforum D. Eduardo Torres Dulce. Hacia 1930, en un peque\u00f1o pueblo de Jutlandia occidental, vive el viejo granjero Morten Borgen. Tiene tres hijos: Mikkel, Johannes y Anders. El primero est\u00e1 casado con Inger, tiene dos hijas peque\u00f1as y [&hellip;]<\/p>\n","protected":false},"author":3,"featured_media":5622,"comment_status":"closed","ping_status":"closed","sticky":false,"template":"","format":"standard","meta":{"_et_pb_use_builder":"","_et_pb_old_content":"","_et_gb_content_width":"","footnotes":""},"categories":[8,9],"tags":[],"class_list":["post-5618","post","type-post","status-publish","format-standard","has-post-thumbnail","hentry","category-actualidad","category-cineforum"],"yoast_head":"<!-- This site is optimized with the Yoast SEO plugin v26.5 - https:\/\/yoast.com\/wordpress\/plugins\/seo\/ -->\n<title>Cineforum: Ordet (La Palabra) - Bas\u00edlica de la Concepci\u00f3n<\/title>\n<meta name=\"robots\" content=\"index, follow, max-snippet:-1, max-image-preview:large, max-video-preview:-1\" \/>\n<link rel=\"canonical\" href=\"https:\/\/basilicaconcepcion.es\/index.php\/2025\/02\/09\/cineforum-ordet-la-palabra\/\" \/>\n<meta property=\"og:locale\" content=\"es_ES\" \/>\n<meta property=\"og:type\" content=\"article\" \/>\n<meta property=\"og:title\" content=\"Cineforum: Ordet (La Palabra) - Bas\u00edlica de la Concepci\u00f3n\" \/>\n<meta property=\"og:description\" content=\"El pr\u00f3ximo mi\u00e9rcoles 12 de febrero a las 19:00, (definitivamente) se proyectar\u00e1 la pel\u00edcula Ordet. Dirige el cineforum D. Eduardo Torres Dulce. Hacia 1930, en un peque\u00f1o pueblo de Jutlandia occidental, vive el viejo granjero Morten Borgen. Tiene tres hijos: Mikkel, Johannes y Anders. El primero est\u00e1 casado con Inger, tiene dos hijas peque\u00f1as y [&hellip;]\" \/>\n<meta property=\"og:url\" content=\"https:\/\/basilicaconcepcion.es\/index.php\/2025\/02\/09\/cineforum-ordet-la-palabra\/\" \/>\n<meta property=\"og:site_name\" content=\"Bas\u00edlica de la Concepci\u00f3n\" \/>\n<meta property=\"article:published_time\" content=\"2025-02-09T12:49:02+00:00\" \/>\n<meta property=\"article:modified_time\" content=\"2025-02-10T05:31:25+00:00\" \/>\n<meta property=\"og:image\" content=\"https:\/\/basilicaconcepcion.es\/wp-content\/uploads\/2025\/01\/ordet-4.png\" \/>\n\t<meta property=\"og:image:width\" content=\"800\" \/>\n\t<meta property=\"og:image:height\" content=\"592\" \/>\n\t<meta property=\"og:image:type\" content=\"image\/png\" \/>\n<meta name=\"author\" content=\"Juan Santamar\u00eda\" \/>\n<meta name=\"twitter:card\" content=\"summary_large_image\" \/>\n<meta name=\"twitter:label1\" content=\"Escrito por\" \/>\n\t<meta name=\"twitter:data1\" content=\"Juan Santamar\u00eda\" \/>\n\t<meta name=\"twitter:label2\" content=\"Tiempo de lectura\" \/>\n\t<meta name=\"twitter:data2\" content=\"1 minuto\" \/>\n<script type=\"application\/ld+json\" class=\"yoast-schema-graph\">{\"@context\":\"https:\/\/schema.org\",\"@graph\":[{\"@type\":\"WebPage\",\"@id\":\"https:\/\/basilicaconcepcion.es\/index.php\/2025\/02\/09\/cineforum-ordet-la-palabra\/\",\"url\":\"https:\/\/basilicaconcepcion.es\/index.php\/2025\/02\/09\/cineforum-ordet-la-palabra\/\",\"name\":\"Cineforum: Ordet (La Palabra) - Bas\u00edlica de la Concepci\u00f3n\",\"isPartOf\":{\"@id\":\"https:\/\/basilicaconcepcion.es\/#website\"},\"primaryImageOfPage\":{\"@id\":\"https:\/\/basilicaconcepcion.es\/index.php\/2025\/02\/09\/cineforum-ordet-la-palabra\/#primaryimage\"},\"image\":{\"@id\":\"https:\/\/basilicaconcepcion.es\/index.php\/2025\/02\/09\/cineforum-ordet-la-palabra\/#primaryimage\"},\"thumbnailUrl\":\"https:\/\/basilicaconcepcion.es\/wp-content\/uploads\/2025\/01\/ordet-4.png\",\"datePublished\":\"2025-02-09T12:49:02+00:00\",\"dateModified\":\"2025-02-10T05:31:25+00:00\",\"author\":{\"@id\":\"https:\/\/basilicaconcepcion.es\/#\/schema\/person\/66056d2606ccfa8b947167d70e9a9963\"},\"breadcrumb\":{\"@id\":\"https:\/\/basilicaconcepcion.es\/index.php\/2025\/02\/09\/cineforum-ordet-la-palabra\/#breadcrumb\"},\"inLanguage\":\"es\",\"potentialAction\":[{\"@type\":\"ReadAction\",\"target\":[\"https:\/\/basilicaconcepcion.es\/index.php\/2025\/02\/09\/cineforum-ordet-la-palabra\/\"]}]},{\"@type\":\"ImageObject\",\"inLanguage\":\"es\",\"@id\":\"https:\/\/basilicaconcepcion.es\/index.php\/2025\/02\/09\/cineforum-ordet-la-palabra\/#primaryimage\",\"url\":\"https:\/\/basilicaconcepcion.es\/wp-content\/uploads\/2025\/01\/ordet-4.png\",\"contentUrl\":\"https:\/\/basilicaconcepcion.es\/wp-content\/uploads\/2025\/01\/ordet-4.png\",\"width\":800,\"height\":592},{\"@type\":\"BreadcrumbList\",\"@id\":\"https:\/\/basilicaconcepcion.es\/index.php\/2025\/02\/09\/cineforum-ordet-la-palabra\/#breadcrumb\",\"itemListElement\":[{\"@type\":\"ListItem\",\"position\":1,\"name\":\"Portada\",\"item\":\"https:\/\/basilicaconcepcion.es\/\"},{\"@type\":\"ListItem\",\"position\":2,\"name\":\"Cineforum: Ordet (La Palabra)\"}]},{\"@type\":\"WebSite\",\"@id\":\"https:\/\/basilicaconcepcion.es\/#website\",\"url\":\"https:\/\/basilicaconcepcion.es\/\",\"name\":\"Bas\u00edlica de la Concepci\u00f3n\",\"description\":\"\",\"potentialAction\":[{\"@type\":\"SearchAction\",\"target\":{\"@type\":\"EntryPoint\",\"urlTemplate\":\"https:\/\/basilicaconcepcion.es\/?s={search_term_string}\"},\"query-input\":{\"@type\":\"PropertyValueSpecification\",\"valueRequired\":true,\"valueName\":\"search_term_string\"}}],\"inLanguage\":\"es\"},{\"@type\":\"Person\",\"@id\":\"https:\/\/basilicaconcepcion.es\/#\/schema\/person\/66056d2606ccfa8b947167d70e9a9963\",\"name\":\"Juan Santamar\u00eda\",\"image\":{\"@type\":\"ImageObject\",\"inLanguage\":\"es\",\"@id\":\"https:\/\/basilicaconcepcion.es\/#\/schema\/person\/image\/\",\"url\":\"https:\/\/secure.gravatar.com\/avatar\/c76c262c3f11691e6626d3714168e730b63225ea1ae653ec217a0a5ffa36e22e?s=96&d=mm&r=g\",\"contentUrl\":\"https:\/\/secure.gravatar.com\/avatar\/c76c262c3f11691e6626d3714168e730b63225ea1ae653ec217a0a5ffa36e22e?s=96&d=mm&r=g\",\"caption\":\"Juan Santamar\u00eda\"},\"url\":\"https:\/\/basilicaconcepcion.es\/index.php\/author\/juansantamaria\/\"}]}<\/script>\n<!-- \/ Yoast SEO plugin. -->","yoast_head_json":{"title":"Cineforum: Ordet (La Palabra) - Bas\u00edlica de la Concepci\u00f3n","robots":{"index":"index","follow":"follow","max-snippet":"max-snippet:-1","max-image-preview":"max-image-preview:large","max-video-preview":"max-video-preview:-1"},"canonical":"https:\/\/basilicaconcepcion.es\/index.php\/2025\/02\/09\/cineforum-ordet-la-palabra\/","og_locale":"es_ES","og_type":"article","og_title":"Cineforum: Ordet (La Palabra) - Bas\u00edlica de la Concepci\u00f3n","og_description":"El pr\u00f3ximo mi\u00e9rcoles 12 de febrero a las 19:00, (definitivamente) se proyectar\u00e1 la pel\u00edcula Ordet. Dirige el cineforum D. Eduardo Torres Dulce. Hacia 1930, en un peque\u00f1o pueblo de Jutlandia occidental, vive el viejo granjero Morten Borgen. Tiene tres hijos: Mikkel, Johannes y Anders. El primero est\u00e1 casado con Inger, tiene dos hijas peque\u00f1as y [&hellip;]","og_url":"https:\/\/basilicaconcepcion.es\/index.php\/2025\/02\/09\/cineforum-ordet-la-palabra\/","og_site_name":"Bas\u00edlica de la Concepci\u00f3n","article_published_time":"2025-02-09T12:49:02+00:00","article_modified_time":"2025-02-10T05:31:25+00:00","og_image":[{"width":800,"height":592,"url":"https:\/\/basilicaconcepcion.es\/wp-content\/uploads\/2025\/01\/ordet-4.png","type":"image\/png"}],"author":"Juan Santamar\u00eda","twitter_card":"summary_large_image","twitter_misc":{"Escrito por":"Juan Santamar\u00eda","Tiempo de lectura":"1 minuto"},"schema":{"@context":"https:\/\/schema.org","@graph":[{"@type":"WebPage","@id":"https:\/\/basilicaconcepcion.es\/index.php\/2025\/02\/09\/cineforum-ordet-la-palabra\/","url":"https:\/\/basilicaconcepcion.es\/index.php\/2025\/02\/09\/cineforum-ordet-la-palabra\/","name":"Cineforum: Ordet (La Palabra) - Bas\u00edlica de la Concepci\u00f3n","isPartOf":{"@id":"https:\/\/basilicaconcepcion.es\/#website"},"primaryImageOfPage":{"@id":"https:\/\/basilicaconcepcion.es\/index.php\/2025\/02\/09\/cineforum-ordet-la-palabra\/#primaryimage"},"image":{"@id":"https:\/\/basilicaconcepcion.es\/index.php\/2025\/02\/09\/cineforum-ordet-la-palabra\/#primaryimage"},"thumbnailUrl":"https:\/\/basilicaconcepcion.es\/wp-content\/uploads\/2025\/01\/ordet-4.png","datePublished":"2025-02-09T12:49:02+00:00","dateModified":"2025-02-10T05:31:25+00:00","author":{"@id":"https:\/\/basilicaconcepcion.es\/#\/schema\/person\/66056d2606ccfa8b947167d70e9a9963"},"breadcrumb":{"@id":"https:\/\/basilicaconcepcion.es\/index.php\/2025\/02\/09\/cineforum-ordet-la-palabra\/#breadcrumb"},"inLanguage":"es","potentialAction":[{"@type":"ReadAction","target":["https:\/\/basilicaconcepcion.es\/index.php\/2025\/02\/09\/cineforum-ordet-la-palabra\/"]}]},{"@type":"ImageObject","inLanguage":"es","@id":"https:\/\/basilicaconcepcion.es\/index.php\/2025\/02\/09\/cineforum-ordet-la-palabra\/#primaryimage","url":"https:\/\/basilicaconcepcion.es\/wp-content\/uploads\/2025\/01\/ordet-4.png","contentUrl":"https:\/\/basilicaconcepcion.es\/wp-content\/uploads\/2025\/01\/ordet-4.png","width":800,"height":592},{"@type":"BreadcrumbList","@id":"https:\/\/basilicaconcepcion.es\/index.php\/2025\/02\/09\/cineforum-ordet-la-palabra\/#breadcrumb","itemListElement":[{"@type":"ListItem","position":1,"name":"Portada","item":"https:\/\/basilicaconcepcion.es\/"},{"@type":"ListItem","position":2,"name":"Cineforum: Ordet (La Palabra)"}]},{"@type":"WebSite","@id":"https:\/\/basilicaconcepcion.es\/#website","url":"https:\/\/basilicaconcepcion.es\/","name":"Bas\u00edlica de la Concepci\u00f3n","description":"","potentialAction":[{"@type":"SearchAction","target":{"@type":"EntryPoint","urlTemplate":"https:\/\/basilicaconcepcion.es\/?s={search_term_string}"},"query-input":{"@type":"PropertyValueSpecification","valueRequired":true,"valueName":"search_term_string"}}],"inLanguage":"es"},{"@type":"Person","@id":"https:\/\/basilicaconcepcion.es\/#\/schema\/person\/66056d2606ccfa8b947167d70e9a9963","name":"Juan Santamar\u00eda","image":{"@type":"ImageObject","inLanguage":"es","@id":"https:\/\/basilicaconcepcion.es\/#\/schema\/person\/image\/","url":"https:\/\/secure.gravatar.com\/avatar\/c76c262c3f11691e6626d3714168e730b63225ea1ae653ec217a0a5ffa36e22e?s=96&d=mm&r=g","contentUrl":"https:\/\/secure.gravatar.com\/avatar\/c76c262c3f11691e6626d3714168e730b63225ea1ae653ec217a0a5ffa36e22e?s=96&d=mm&r=g","caption":"Juan Santamar\u00eda"},"url":"https:\/\/basilicaconcepcion.es\/index.php\/author\/juansantamaria\/"}]}},"_links":{"self":[{"href":"https:\/\/basilicaconcepcion.es\/index.php\/wp-json\/wp\/v2\/posts\/5618","targetHints":{"allow":["GET"]}}],"collection":[{"href":"https:\/\/basilicaconcepcion.es\/index.php\/wp-json\/wp\/v2\/posts"}],"about":[{"href":"https:\/\/basilicaconcepcion.es\/index.php\/wp-json\/wp\/v2\/types\/post"}],"author":[{"embeddable":true,"href":"https:\/\/basilicaconcepcion.es\/index.php\/wp-json\/wp\/v2\/users\/3"}],"replies":[{"embeddable":true,"href":"https:\/\/basilicaconcepcion.es\/index.php\/wp-json\/wp\/v2\/comments?post=5618"}],"version-history":[{"count":5,"href":"https:\/\/basilicaconcepcion.es\/index.php\/wp-json\/wp\/v2\/posts\/5618\/revisions"}],"predecessor-version":[{"id":5698,"href":"https:\/\/basilicaconcepcion.es\/index.php\/wp-json\/wp\/v2\/posts\/5618\/revisions\/5698"}],"wp:featuredmedia":[{"embeddable":true,"href":"https:\/\/basilicaconcepcion.es\/index.php\/wp-json\/wp\/v2\/media\/5622"}],"wp:attachment":[{"href":"https:\/\/basilicaconcepcion.es\/index.php\/wp-json\/wp\/v2\/media?parent=5618"}],"wp:term":[{"taxonomy":"category","embeddable":true,"href":"https:\/\/basilicaconcepcion.es\/index.php\/wp-json\/wp\/v2\/categories?post=5618"},{"taxonomy":"post_tag","embeddable":true,"href":"https:\/\/basilicaconcepcion.es\/index.php\/wp-json\/wp\/v2\/tags?post=5618"}],"curies":[{"name":"wp","href":"https:\/\/api.w.org\/{rel}","templated":true}]}}