{"id":5352,"date":"2024-11-13T07:13:26","date_gmt":"2024-11-13T07:13:26","guid":{"rendered":"https:\/\/basilicaconcepcion.es\/?p=5352"},"modified":"2024-11-14T17:48:43","modified_gmt":"2024-11-14T17:48:43","slug":"si-no-amaneciera-2","status":"publish","type":"post","link":"https:\/\/basilicaconcepcion.es\/index.php\/2024\/11\/13\/si-no-amaneciera-2\/","title":{"rendered":"Si no amaneciera"},"content":{"rendered":"<p>El pr\u00f3ximo mi\u00e9rcoles 13 de noviembre a las 19:00 en el sal\u00f3n san Juan Pablo II se proyectar\u00e1 la pel\u00edcula \u00a0<em>Si no amaneciera<\/em>. Dirige el coloquio D. Eduardo Torres Dulce.<\/p>\n<p>Informaci\u00f3n:<\/p>\n<p><i><b>Si no amaneciera<\/b><\/i>\u00a0(<i>Hold Back the Dawn<\/i>) es una pel\u00edcula estadounidense de 1941 dirigida por\u00a0<a title=\"Mitchell Leisen\" href=\"https:\/\/es.wikipedia.org\/wiki\/Mitchell_Leisen\">Mitchell Leisen<\/a>. Narra la historia de un gigol\u00f3 rumano que se casa con una estadounidense para poder entrar legalmente en los\u00a0<a title=\"Estados Unidos\" href=\"https:\/\/es.wikipedia.org\/wiki\/Estados_Unidos\">Estados Unidos<\/a>\u00a0y acaba enamor\u00e1ndose de ella. La pel\u00edcula es una adaptaci\u00f3n de\u00a0<a title=\"Charles Brackett\" href=\"https:\/\/es.wikipedia.org\/wiki\/Charles_Brackett\">Charles Brackett<\/a>\u00a0y\u00a0<a title=\"Billy Wilder\" href=\"https:\/\/es.wikipedia.org\/wiki\/Billy_Wilder\">Billy Wilder<\/a>\u00a0de la novela hom\u00f3nima de\u00a0<a class=\"new\" title=\"Ketti Frings (a\u00fan no redactado)\" href=\"https:\/\/es.wikipedia.org\/w\/index.php?title=Ketti_Frings&amp;action=edit&amp;redlink=1\">Ketti Frings<\/a>.<\/p>\n<p>La pel\u00edcula fue candidata a varios\u00a0<a class=\"mw-redirect\" title=\"Oscar 1941\" href=\"https:\/\/es.wikipedia.org\/wiki\/Oscar_1941\">Oscars<\/a>: mejor actriz (Olivia de Havilland), mejor direcci\u00f3n art\u00edstica, mejor fotograf\u00eda, mejor m\u00fasica original, mejor pel\u00edcula y mejor guion adaptado.<\/p>\n<p><a href=\"https:\/\/www.filmaffinity.com\/es\/film734680.html\">Si no amaneciera (1941) &#8211; FilmAffinity<\/a><\/p>\n","protected":false},"excerpt":{"rendered":"<p>El pr\u00f3ximo mi\u00e9rcoles 13 de noviembre a las 19:00 en el sal\u00f3n san Juan Pablo II se proyectar\u00e1 la pel\u00edcula \u00a0Si no amaneciera. Dirige el coloquio D. Eduardo Torres Dulce. Informaci\u00f3n: Si no amaneciera\u00a0(Hold Back the Dawn) es una pel\u00edcula estadounidense de 1941 dirigida por\u00a0Mitchell Leisen. Narra la historia de un gigol\u00f3 rumano que se [&hellip;]<\/p>\n","protected":false},"author":3,"featured_media":5339,"comment_status":"closed","ping_status":"open","sticky":false,"template":"","format":"standard","meta":{"_et_pb_use_builder":"","_et_pb_old_content":"","_et_gb_content_width":"","footnotes":""},"categories":[9],"tags":[],"class_list":["post-5352","post","type-post","status-publish","format-standard","has-post-thumbnail","hentry","category-cineforum"],"yoast_head":"<!-- This site is optimized with the Yoast SEO plugin v26.5 - https:\/\/yoast.com\/wordpress\/plugins\/seo\/ -->\n<title>Si no amaneciera - Bas\u00edlica de la Concepci\u00f3n<\/title>\n<meta name=\"robots\" content=\"index, follow, max-snippet:-1, max-image-preview:large, max-video-preview:-1\" \/>\n<link rel=\"canonical\" href=\"https:\/\/basilicaconcepcion.es\/index.php\/2024\/11\/13\/si-no-amaneciera-2\/\" \/>\n<meta property=\"og:locale\" content=\"es_ES\" \/>\n<meta property=\"og:type\" content=\"article\" \/>\n<meta property=\"og:title\" content=\"Si no amaneciera - Bas\u00edlica de la Concepci\u00f3n\" \/>\n<meta property=\"og:description\" content=\"El pr\u00f3ximo mi\u00e9rcoles 13 de noviembre a las 19:00 en el sal\u00f3n san Juan Pablo II se proyectar\u00e1 la pel\u00edcula \u00a0Si no amaneciera. Dirige el coloquio D. Eduardo Torres Dulce. Informaci\u00f3n: Si no amaneciera\u00a0(Hold Back the Dawn) es una pel\u00edcula estadounidense de 1941 dirigida por\u00a0Mitchell Leisen. Narra la historia de un gigol\u00f3 rumano que se [&hellip;]\" \/>\n<meta property=\"og:url\" content=\"https:\/\/basilicaconcepcion.es\/index.php\/2024\/11\/13\/si-no-amaneciera-2\/\" \/>\n<meta property=\"og:site_name\" content=\"Bas\u00edlica de la Concepci\u00f3n\" \/>\n<meta property=\"article:published_time\" content=\"2024-11-13T07:13:26+00:00\" \/>\n<meta property=\"article:modified_time\" content=\"2024-11-14T17:48:43+00:00\" \/>\n<meta property=\"og:image\" content=\"https:\/\/basilicaconcepcion.es\/wp-content\/uploads\/2024\/11\/Imagen-de-WhatsApp-2024-11-04-a-las-10.24.06_bf5e7d70.jpg\" \/>\n\t<meta property=\"og:image:width\" content=\"800\" \/>\n\t<meta property=\"og:image:height\" content=\"1216\" \/>\n\t<meta property=\"og:image:type\" content=\"image\/jpeg\" \/>\n<meta name=\"author\" content=\"Juan Santamar\u00eda\" \/>\n<meta name=\"twitter:card\" content=\"summary_large_image\" \/>\n<meta name=\"twitter:label1\" content=\"Escrito por\" \/>\n\t<meta name=\"twitter:data1\" content=\"Juan Santamar\u00eda\" \/>\n\t<meta name=\"twitter:label2\" content=\"Tiempo de lectura\" \/>\n\t<meta name=\"twitter:data2\" content=\"1 minuto\" \/>\n<script type=\"application\/ld+json\" class=\"yoast-schema-graph\">{\"@context\":\"https:\/\/schema.org\",\"@graph\":[{\"@type\":\"WebPage\",\"@id\":\"https:\/\/basilicaconcepcion.es\/index.php\/2024\/11\/13\/si-no-amaneciera-2\/\",\"url\":\"https:\/\/basilicaconcepcion.es\/index.php\/2024\/11\/13\/si-no-amaneciera-2\/\",\"name\":\"Si no amaneciera - Bas\u00edlica de la Concepci\u00f3n\",\"isPartOf\":{\"@id\":\"https:\/\/basilicaconcepcion.es\/#website\"},\"primaryImageOfPage\":{\"@id\":\"https:\/\/basilicaconcepcion.es\/index.php\/2024\/11\/13\/si-no-amaneciera-2\/#primaryimage\"},\"image\":{\"@id\":\"https:\/\/basilicaconcepcion.es\/index.php\/2024\/11\/13\/si-no-amaneciera-2\/#primaryimage\"},\"thumbnailUrl\":\"https:\/\/basilicaconcepcion.es\/wp-content\/uploads\/2024\/11\/Imagen-de-WhatsApp-2024-11-04-a-las-10.24.06_bf5e7d70.jpg\",\"datePublished\":\"2024-11-13T07:13:26+00:00\",\"dateModified\":\"2024-11-14T17:48:43+00:00\",\"author\":{\"@id\":\"https:\/\/basilicaconcepcion.es\/#\/schema\/person\/66056d2606ccfa8b947167d70e9a9963\"},\"breadcrumb\":{\"@id\":\"https:\/\/basilicaconcepcion.es\/index.php\/2024\/11\/13\/si-no-amaneciera-2\/#breadcrumb\"},\"inLanguage\":\"es\",\"potentialAction\":[{\"@type\":\"ReadAction\",\"target\":[\"https:\/\/basilicaconcepcion.es\/index.php\/2024\/11\/13\/si-no-amaneciera-2\/\"]}]},{\"@type\":\"ImageObject\",\"inLanguage\":\"es\",\"@id\":\"https:\/\/basilicaconcepcion.es\/index.php\/2024\/11\/13\/si-no-amaneciera-2\/#primaryimage\",\"url\":\"https:\/\/basilicaconcepcion.es\/wp-content\/uploads\/2024\/11\/Imagen-de-WhatsApp-2024-11-04-a-las-10.24.06_bf5e7d70.jpg\",\"contentUrl\":\"https:\/\/basilicaconcepcion.es\/wp-content\/uploads\/2024\/11\/Imagen-de-WhatsApp-2024-11-04-a-las-10.24.06_bf5e7d70.jpg\",\"width\":800,\"height\":1216},{\"@type\":\"BreadcrumbList\",\"@id\":\"https:\/\/basilicaconcepcion.es\/index.php\/2024\/11\/13\/si-no-amaneciera-2\/#breadcrumb\",\"itemListElement\":[{\"@type\":\"ListItem\",\"position\":1,\"name\":\"Portada\",\"item\":\"https:\/\/basilicaconcepcion.es\/\"},{\"@type\":\"ListItem\",\"position\":2,\"name\":\"Si no amaneciera\"}]},{\"@type\":\"WebSite\",\"@id\":\"https:\/\/basilicaconcepcion.es\/#website\",\"url\":\"https:\/\/basilicaconcepcion.es\/\",\"name\":\"Bas\u00edlica de la Concepci\u00f3n\",\"description\":\"\",\"potentialAction\":[{\"@type\":\"SearchAction\",\"target\":{\"@type\":\"EntryPoint\",\"urlTemplate\":\"https:\/\/basilicaconcepcion.es\/?s={search_term_string}\"},\"query-input\":{\"@type\":\"PropertyValueSpecification\",\"valueRequired\":true,\"valueName\":\"search_term_string\"}}],\"inLanguage\":\"es\"},{\"@type\":\"Person\",\"@id\":\"https:\/\/basilicaconcepcion.es\/#\/schema\/person\/66056d2606ccfa8b947167d70e9a9963\",\"name\":\"Juan Santamar\u00eda\",\"image\":{\"@type\":\"ImageObject\",\"inLanguage\":\"es\",\"@id\":\"https:\/\/basilicaconcepcion.es\/#\/schema\/person\/image\/\",\"url\":\"https:\/\/secure.gravatar.com\/avatar\/c76c262c3f11691e6626d3714168e730b63225ea1ae653ec217a0a5ffa36e22e?s=96&d=mm&r=g\",\"contentUrl\":\"https:\/\/secure.gravatar.com\/avatar\/c76c262c3f11691e6626d3714168e730b63225ea1ae653ec217a0a5ffa36e22e?s=96&d=mm&r=g\",\"caption\":\"Juan Santamar\u00eda\"},\"url\":\"https:\/\/basilicaconcepcion.es\/index.php\/author\/juansantamaria\/\"}]}<\/script>\n<!-- \/ Yoast SEO plugin. -->","yoast_head_json":{"title":"Si no amaneciera - Bas\u00edlica de la Concepci\u00f3n","robots":{"index":"index","follow":"follow","max-snippet":"max-snippet:-1","max-image-preview":"max-image-preview:large","max-video-preview":"max-video-preview:-1"},"canonical":"https:\/\/basilicaconcepcion.es\/index.php\/2024\/11\/13\/si-no-amaneciera-2\/","og_locale":"es_ES","og_type":"article","og_title":"Si no amaneciera - Bas\u00edlica de la Concepci\u00f3n","og_description":"El pr\u00f3ximo mi\u00e9rcoles 13 de noviembre a las 19:00 en el sal\u00f3n san Juan Pablo II se proyectar\u00e1 la pel\u00edcula \u00a0Si no amaneciera. Dirige el coloquio D. Eduardo Torres Dulce. Informaci\u00f3n: Si no amaneciera\u00a0(Hold Back the Dawn) es una pel\u00edcula estadounidense de 1941 dirigida por\u00a0Mitchell Leisen. Narra la historia de un gigol\u00f3 rumano que se [&hellip;]","og_url":"https:\/\/basilicaconcepcion.es\/index.php\/2024\/11\/13\/si-no-amaneciera-2\/","og_site_name":"Bas\u00edlica de la Concepci\u00f3n","article_published_time":"2024-11-13T07:13:26+00:00","article_modified_time":"2024-11-14T17:48:43+00:00","og_image":[{"width":800,"height":1216,"url":"https:\/\/basilicaconcepcion.es\/wp-content\/uploads\/2024\/11\/Imagen-de-WhatsApp-2024-11-04-a-las-10.24.06_bf5e7d70.jpg","type":"image\/jpeg"}],"author":"Juan Santamar\u00eda","twitter_card":"summary_large_image","twitter_misc":{"Escrito por":"Juan Santamar\u00eda","Tiempo de lectura":"1 minuto"},"schema":{"@context":"https:\/\/schema.org","@graph":[{"@type":"WebPage","@id":"https:\/\/basilicaconcepcion.es\/index.php\/2024\/11\/13\/si-no-amaneciera-2\/","url":"https:\/\/basilicaconcepcion.es\/index.php\/2024\/11\/13\/si-no-amaneciera-2\/","name":"Si no amaneciera - Bas\u00edlica de la Concepci\u00f3n","isPartOf":{"@id":"https:\/\/basilicaconcepcion.es\/#website"},"primaryImageOfPage":{"@id":"https:\/\/basilicaconcepcion.es\/index.php\/2024\/11\/13\/si-no-amaneciera-2\/#primaryimage"},"image":{"@id":"https:\/\/basilicaconcepcion.es\/index.php\/2024\/11\/13\/si-no-amaneciera-2\/#primaryimage"},"thumbnailUrl":"https:\/\/basilicaconcepcion.es\/wp-content\/uploads\/2024\/11\/Imagen-de-WhatsApp-2024-11-04-a-las-10.24.06_bf5e7d70.jpg","datePublished":"2024-11-13T07:13:26+00:00","dateModified":"2024-11-14T17:48:43+00:00","author":{"@id":"https:\/\/basilicaconcepcion.es\/#\/schema\/person\/66056d2606ccfa8b947167d70e9a9963"},"breadcrumb":{"@id":"https:\/\/basilicaconcepcion.es\/index.php\/2024\/11\/13\/si-no-amaneciera-2\/#breadcrumb"},"inLanguage":"es","potentialAction":[{"@type":"ReadAction","target":["https:\/\/basilicaconcepcion.es\/index.php\/2024\/11\/13\/si-no-amaneciera-2\/"]}]},{"@type":"ImageObject","inLanguage":"es","@id":"https:\/\/basilicaconcepcion.es\/index.php\/2024\/11\/13\/si-no-amaneciera-2\/#primaryimage","url":"https:\/\/basilicaconcepcion.es\/wp-content\/uploads\/2024\/11\/Imagen-de-WhatsApp-2024-11-04-a-las-10.24.06_bf5e7d70.jpg","contentUrl":"https:\/\/basilicaconcepcion.es\/wp-content\/uploads\/2024\/11\/Imagen-de-WhatsApp-2024-11-04-a-las-10.24.06_bf5e7d70.jpg","width":800,"height":1216},{"@type":"BreadcrumbList","@id":"https:\/\/basilicaconcepcion.es\/index.php\/2024\/11\/13\/si-no-amaneciera-2\/#breadcrumb","itemListElement":[{"@type":"ListItem","position":1,"name":"Portada","item":"https:\/\/basilicaconcepcion.es\/"},{"@type":"ListItem","position":2,"name":"Si no amaneciera"}]},{"@type":"WebSite","@id":"https:\/\/basilicaconcepcion.es\/#website","url":"https:\/\/basilicaconcepcion.es\/","name":"Bas\u00edlica de la Concepci\u00f3n","description":"","potentialAction":[{"@type":"SearchAction","target":{"@type":"EntryPoint","urlTemplate":"https:\/\/basilicaconcepcion.es\/?s={search_term_string}"},"query-input":{"@type":"PropertyValueSpecification","valueRequired":true,"valueName":"search_term_string"}}],"inLanguage":"es"},{"@type":"Person","@id":"https:\/\/basilicaconcepcion.es\/#\/schema\/person\/66056d2606ccfa8b947167d70e9a9963","name":"Juan Santamar\u00eda","image":{"@type":"ImageObject","inLanguage":"es","@id":"https:\/\/basilicaconcepcion.es\/#\/schema\/person\/image\/","url":"https:\/\/secure.gravatar.com\/avatar\/c76c262c3f11691e6626d3714168e730b63225ea1ae653ec217a0a5ffa36e22e?s=96&d=mm&r=g","contentUrl":"https:\/\/secure.gravatar.com\/avatar\/c76c262c3f11691e6626d3714168e730b63225ea1ae653ec217a0a5ffa36e22e?s=96&d=mm&r=g","caption":"Juan Santamar\u00eda"},"url":"https:\/\/basilicaconcepcion.es\/index.php\/author\/juansantamaria\/"}]}},"_links":{"self":[{"href":"https:\/\/basilicaconcepcion.es\/index.php\/wp-json\/wp\/v2\/posts\/5352","targetHints":{"allow":["GET"]}}],"collection":[{"href":"https:\/\/basilicaconcepcion.es\/index.php\/wp-json\/wp\/v2\/posts"}],"about":[{"href":"https:\/\/basilicaconcepcion.es\/index.php\/wp-json\/wp\/v2\/types\/post"}],"author":[{"embeddable":true,"href":"https:\/\/basilicaconcepcion.es\/index.php\/wp-json\/wp\/v2\/users\/3"}],"replies":[{"embeddable":true,"href":"https:\/\/basilicaconcepcion.es\/index.php\/wp-json\/wp\/v2\/comments?post=5352"}],"version-history":[{"count":1,"href":"https:\/\/basilicaconcepcion.es\/index.php\/wp-json\/wp\/v2\/posts\/5352\/revisions"}],"predecessor-version":[{"id":5353,"href":"https:\/\/basilicaconcepcion.es\/index.php\/wp-json\/wp\/v2\/posts\/5352\/revisions\/5353"}],"wp:featuredmedia":[{"embeddable":true,"href":"https:\/\/basilicaconcepcion.es\/index.php\/wp-json\/wp\/v2\/media\/5339"}],"wp:attachment":[{"href":"https:\/\/basilicaconcepcion.es\/index.php\/wp-json\/wp\/v2\/media?parent=5352"}],"wp:term":[{"taxonomy":"category","embeddable":true,"href":"https:\/\/basilicaconcepcion.es\/index.php\/wp-json\/wp\/v2\/categories?post=5352"},{"taxonomy":"post_tag","embeddable":true,"href":"https:\/\/basilicaconcepcion.es\/index.php\/wp-json\/wp\/v2\/tags?post=5352"}],"curies":[{"name":"wp","href":"https:\/\/api.w.org\/{rel}","templated":true}]}}