{"id":5309,"date":"2024-09-30T07:32:21","date_gmt":"2024-09-30T07:32:21","guid":{"rendered":"https:\/\/basilicaconcepcion.es\/?p=5309"},"modified":"2024-11-09T15:06:12","modified_gmt":"2024-11-09T15:06:12","slug":"iglesia-y-poder-en-espana-jose-francisco-serrano-oceja","status":"publish","type":"post","link":"https:\/\/basilicaconcepcion.es\/index.php\/2024\/09\/30\/iglesia-y-poder-en-espana-jose-francisco-serrano-oceja\/","title":{"rendered":"Iglesia y Poder en Espa\u00f1a (Jos\u00e9 Francisco Serrano Oceja)"},"content":{"rendered":"<p>El pr\u00f3ximo jueves 7 de noviembre a las 20:00 h., en el sal\u00f3n san Juan Pablo II, se presentar\u00e1 el libro de D. Jos\u00e9 Francisco Serrano Oceja \u00ab<em>Iglesia y poder en Espa\u00f1a. Desde el Concilio Vaticano II a nuestros d\u00edas\u00bb<\/em> . A continuaci\u00f3n,\u00a0tendr\u00e1 lugar un coloquio con el autor.<\/p>\n<p>En la mesa estar\u00e1n:<\/p>\n<p>D. Avelino Revilla Cu\u00f1ado (P\u00e1rroco de la Bas\u00edlica de Concepci\u00f3n de Nuestra Se\u00f1ora)<\/p>\n<p>D. Rafael S\u00e1nchez Saus (Catedr\u00e1tico de Historia y Director General de Fundaci\u00f3n \u00c1ngel Herrera).<\/p>\n<p>D. Pedro Miguel Garc\u00eda Fraile (Director General PCC. Te\u00f3logo).<\/p>\n<p>D. Ram\u00f3n Navarro Pareja (Periodista. Responsable de la secci\u00f3n de Religi\u00f3n del diario ABC).<\/p>\n","protected":false},"excerpt":{"rendered":"<p>El pr\u00f3ximo jueves 7 de noviembre a las 20:00 h., en el sal\u00f3n san Juan Pablo II, se presentar\u00e1 el libro de D. Jos\u00e9 Francisco Serrano Oceja \u00abIglesia y poder en Espa\u00f1a. Desde el Concilio Vaticano II a nuestros d\u00edas\u00bb . A continuaci\u00f3n,\u00a0tendr\u00e1 lugar un coloquio con el autor. En la mesa estar\u00e1n: D. Avelino [&hellip;]<\/p>\n","protected":false},"author":3,"featured_media":5310,"comment_status":"closed","ping_status":"open","sticky":false,"template":"","format":"standard","meta":{"_et_pb_use_builder":"","_et_pb_old_content":"","_et_gb_content_width":"","footnotes":""},"categories":[8],"tags":[],"class_list":["post-5309","post","type-post","status-publish","format-standard","has-post-thumbnail","hentry","category-actualidad"],"yoast_head":"<!-- This site is optimized with the Yoast SEO plugin v26.5 - https:\/\/yoast.com\/wordpress\/plugins\/seo\/ -->\n<title>Iglesia y Poder en Espa\u00f1a (Jos\u00e9 Francisco Serrano Oceja) - Bas\u00edlica de la Concepci\u00f3n<\/title>\n<meta name=\"robots\" content=\"index, follow, max-snippet:-1, max-image-preview:large, max-video-preview:-1\" \/>\n<link rel=\"canonical\" href=\"https:\/\/basilicaconcepcion.es\/index.php\/2024\/09\/30\/iglesia-y-poder-en-espana-jose-francisco-serrano-oceja\/\" \/>\n<meta property=\"og:locale\" content=\"es_ES\" \/>\n<meta property=\"og:type\" content=\"article\" \/>\n<meta property=\"og:title\" content=\"Iglesia y Poder en Espa\u00f1a (Jos\u00e9 Francisco Serrano Oceja) - Bas\u00edlica de la Concepci\u00f3n\" \/>\n<meta property=\"og:description\" content=\"El pr\u00f3ximo jueves 7 de noviembre a las 20:00 h., en el sal\u00f3n san Juan Pablo II, se presentar\u00e1 el libro de D. Jos\u00e9 Francisco Serrano Oceja \u00abIglesia y poder en Espa\u00f1a. Desde el Concilio Vaticano II a nuestros d\u00edas\u00bb . A continuaci\u00f3n,\u00a0tendr\u00e1 lugar un coloquio con el autor. En la mesa estar\u00e1n: D. Avelino [&hellip;]\" \/>\n<meta property=\"og:url\" content=\"https:\/\/basilicaconcepcion.es\/index.php\/2024\/09\/30\/iglesia-y-poder-en-espana-jose-francisco-serrano-oceja\/\" \/>\n<meta property=\"og:site_name\" content=\"Bas\u00edlica de la Concepci\u00f3n\" \/>\n<meta property=\"article:published_time\" content=\"2024-09-30T07:32:21+00:00\" \/>\n<meta property=\"article:modified_time\" content=\"2024-11-09T15:06:12+00:00\" \/>\n<meta property=\"og:image\" content=\"https:\/\/basilicaconcepcion.es\/wp-content\/uploads\/2024\/10\/iglesia_y_poder_en_espanya_serrano_oceja.png\" \/>\n\t<meta property=\"og:image:width\" content=\"770\" \/>\n\t<meta property=\"og:image:height\" content=\"660\" \/>\n\t<meta property=\"og:image:type\" content=\"image\/png\" \/>\n<meta name=\"author\" content=\"Juan Santamar\u00eda\" \/>\n<meta name=\"twitter:card\" content=\"summary_large_image\" \/>\n<meta name=\"twitter:label1\" content=\"Escrito por\" \/>\n\t<meta name=\"twitter:data1\" content=\"Juan Santamar\u00eda\" \/>\n\t<meta name=\"twitter:label2\" content=\"Tiempo de lectura\" \/>\n\t<meta name=\"twitter:data2\" content=\"1 minuto\" \/>\n<script type=\"application\/ld+json\" class=\"yoast-schema-graph\">{\"@context\":\"https:\/\/schema.org\",\"@graph\":[{\"@type\":\"WebPage\",\"@id\":\"https:\/\/basilicaconcepcion.es\/index.php\/2024\/09\/30\/iglesia-y-poder-en-espana-jose-francisco-serrano-oceja\/\",\"url\":\"https:\/\/basilicaconcepcion.es\/index.php\/2024\/09\/30\/iglesia-y-poder-en-espana-jose-francisco-serrano-oceja\/\",\"name\":\"Iglesia y Poder en Espa\u00f1a (Jos\u00e9 Francisco Serrano Oceja) - Bas\u00edlica de la Concepci\u00f3n\",\"isPartOf\":{\"@id\":\"https:\/\/basilicaconcepcion.es\/#website\"},\"primaryImageOfPage\":{\"@id\":\"https:\/\/basilicaconcepcion.es\/index.php\/2024\/09\/30\/iglesia-y-poder-en-espana-jose-francisco-serrano-oceja\/#primaryimage\"},\"image\":{\"@id\":\"https:\/\/basilicaconcepcion.es\/index.php\/2024\/09\/30\/iglesia-y-poder-en-espana-jose-francisco-serrano-oceja\/#primaryimage\"},\"thumbnailUrl\":\"https:\/\/basilicaconcepcion.es\/wp-content\/uploads\/2024\/10\/iglesia_y_poder_en_espanya_serrano_oceja.png\",\"datePublished\":\"2024-09-30T07:32:21+00:00\",\"dateModified\":\"2024-11-09T15:06:12+00:00\",\"author\":{\"@id\":\"https:\/\/basilicaconcepcion.es\/#\/schema\/person\/66056d2606ccfa8b947167d70e9a9963\"},\"breadcrumb\":{\"@id\":\"https:\/\/basilicaconcepcion.es\/index.php\/2024\/09\/30\/iglesia-y-poder-en-espana-jose-francisco-serrano-oceja\/#breadcrumb\"},\"inLanguage\":\"es\",\"potentialAction\":[{\"@type\":\"ReadAction\",\"target\":[\"https:\/\/basilicaconcepcion.es\/index.php\/2024\/09\/30\/iglesia-y-poder-en-espana-jose-francisco-serrano-oceja\/\"]}]},{\"@type\":\"ImageObject\",\"inLanguage\":\"es\",\"@id\":\"https:\/\/basilicaconcepcion.es\/index.php\/2024\/09\/30\/iglesia-y-poder-en-espana-jose-francisco-serrano-oceja\/#primaryimage\",\"url\":\"https:\/\/basilicaconcepcion.es\/wp-content\/uploads\/2024\/10\/iglesia_y_poder_en_espanya_serrano_oceja.png\",\"contentUrl\":\"https:\/\/basilicaconcepcion.es\/wp-content\/uploads\/2024\/10\/iglesia_y_poder_en_espanya_serrano_oceja.png\",\"width\":770,\"height\":660},{\"@type\":\"BreadcrumbList\",\"@id\":\"https:\/\/basilicaconcepcion.es\/index.php\/2024\/09\/30\/iglesia-y-poder-en-espana-jose-francisco-serrano-oceja\/#breadcrumb\",\"itemListElement\":[{\"@type\":\"ListItem\",\"position\":1,\"name\":\"Portada\",\"item\":\"https:\/\/basilicaconcepcion.es\/\"},{\"@type\":\"ListItem\",\"position\":2,\"name\":\"Iglesia y Poder en Espa\u00f1a (Jos\u00e9 Francisco Serrano Oceja)\"}]},{\"@type\":\"WebSite\",\"@id\":\"https:\/\/basilicaconcepcion.es\/#website\",\"url\":\"https:\/\/basilicaconcepcion.es\/\",\"name\":\"Bas\u00edlica de la Concepci\u00f3n\",\"description\":\"\",\"potentialAction\":[{\"@type\":\"SearchAction\",\"target\":{\"@type\":\"EntryPoint\",\"urlTemplate\":\"https:\/\/basilicaconcepcion.es\/?s={search_term_string}\"},\"query-input\":{\"@type\":\"PropertyValueSpecification\",\"valueRequired\":true,\"valueName\":\"search_term_string\"}}],\"inLanguage\":\"es\"},{\"@type\":\"Person\",\"@id\":\"https:\/\/basilicaconcepcion.es\/#\/schema\/person\/66056d2606ccfa8b947167d70e9a9963\",\"name\":\"Juan Santamar\u00eda\",\"image\":{\"@type\":\"ImageObject\",\"inLanguage\":\"es\",\"@id\":\"https:\/\/basilicaconcepcion.es\/#\/schema\/person\/image\/\",\"url\":\"https:\/\/secure.gravatar.com\/avatar\/c76c262c3f11691e6626d3714168e730b63225ea1ae653ec217a0a5ffa36e22e?s=96&d=mm&r=g\",\"contentUrl\":\"https:\/\/secure.gravatar.com\/avatar\/c76c262c3f11691e6626d3714168e730b63225ea1ae653ec217a0a5ffa36e22e?s=96&d=mm&r=g\",\"caption\":\"Juan Santamar\u00eda\"},\"url\":\"https:\/\/basilicaconcepcion.es\/index.php\/author\/juansantamaria\/\"}]}<\/script>\n<!-- \/ Yoast SEO plugin. -->","yoast_head_json":{"title":"Iglesia y Poder en Espa\u00f1a (Jos\u00e9 Francisco Serrano Oceja) - Bas\u00edlica de la Concepci\u00f3n","robots":{"index":"index","follow":"follow","max-snippet":"max-snippet:-1","max-image-preview":"max-image-preview:large","max-video-preview":"max-video-preview:-1"},"canonical":"https:\/\/basilicaconcepcion.es\/index.php\/2024\/09\/30\/iglesia-y-poder-en-espana-jose-francisco-serrano-oceja\/","og_locale":"es_ES","og_type":"article","og_title":"Iglesia y Poder en Espa\u00f1a (Jos\u00e9 Francisco Serrano Oceja) - Bas\u00edlica de la Concepci\u00f3n","og_description":"El pr\u00f3ximo jueves 7 de noviembre a las 20:00 h., en el sal\u00f3n san Juan Pablo II, se presentar\u00e1 el libro de D. Jos\u00e9 Francisco Serrano Oceja \u00abIglesia y poder en Espa\u00f1a. Desde el Concilio Vaticano II a nuestros d\u00edas\u00bb . A continuaci\u00f3n,\u00a0tendr\u00e1 lugar un coloquio con el autor. En la mesa estar\u00e1n: D. Avelino [&hellip;]","og_url":"https:\/\/basilicaconcepcion.es\/index.php\/2024\/09\/30\/iglesia-y-poder-en-espana-jose-francisco-serrano-oceja\/","og_site_name":"Bas\u00edlica de la Concepci\u00f3n","article_published_time":"2024-09-30T07:32:21+00:00","article_modified_time":"2024-11-09T15:06:12+00:00","og_image":[{"width":770,"height":660,"url":"https:\/\/basilicaconcepcion.es\/wp-content\/uploads\/2024\/10\/iglesia_y_poder_en_espanya_serrano_oceja.png","type":"image\/png"}],"author":"Juan Santamar\u00eda","twitter_card":"summary_large_image","twitter_misc":{"Escrito por":"Juan Santamar\u00eda","Tiempo de lectura":"1 minuto"},"schema":{"@context":"https:\/\/schema.org","@graph":[{"@type":"WebPage","@id":"https:\/\/basilicaconcepcion.es\/index.php\/2024\/09\/30\/iglesia-y-poder-en-espana-jose-francisco-serrano-oceja\/","url":"https:\/\/basilicaconcepcion.es\/index.php\/2024\/09\/30\/iglesia-y-poder-en-espana-jose-francisco-serrano-oceja\/","name":"Iglesia y Poder en Espa\u00f1a (Jos\u00e9 Francisco Serrano Oceja) - Bas\u00edlica de la Concepci\u00f3n","isPartOf":{"@id":"https:\/\/basilicaconcepcion.es\/#website"},"primaryImageOfPage":{"@id":"https:\/\/basilicaconcepcion.es\/index.php\/2024\/09\/30\/iglesia-y-poder-en-espana-jose-francisco-serrano-oceja\/#primaryimage"},"image":{"@id":"https:\/\/basilicaconcepcion.es\/index.php\/2024\/09\/30\/iglesia-y-poder-en-espana-jose-francisco-serrano-oceja\/#primaryimage"},"thumbnailUrl":"https:\/\/basilicaconcepcion.es\/wp-content\/uploads\/2024\/10\/iglesia_y_poder_en_espanya_serrano_oceja.png","datePublished":"2024-09-30T07:32:21+00:00","dateModified":"2024-11-09T15:06:12+00:00","author":{"@id":"https:\/\/basilicaconcepcion.es\/#\/schema\/person\/66056d2606ccfa8b947167d70e9a9963"},"breadcrumb":{"@id":"https:\/\/basilicaconcepcion.es\/index.php\/2024\/09\/30\/iglesia-y-poder-en-espana-jose-francisco-serrano-oceja\/#breadcrumb"},"inLanguage":"es","potentialAction":[{"@type":"ReadAction","target":["https:\/\/basilicaconcepcion.es\/index.php\/2024\/09\/30\/iglesia-y-poder-en-espana-jose-francisco-serrano-oceja\/"]}]},{"@type":"ImageObject","inLanguage":"es","@id":"https:\/\/basilicaconcepcion.es\/index.php\/2024\/09\/30\/iglesia-y-poder-en-espana-jose-francisco-serrano-oceja\/#primaryimage","url":"https:\/\/basilicaconcepcion.es\/wp-content\/uploads\/2024\/10\/iglesia_y_poder_en_espanya_serrano_oceja.png","contentUrl":"https:\/\/basilicaconcepcion.es\/wp-content\/uploads\/2024\/10\/iglesia_y_poder_en_espanya_serrano_oceja.png","width":770,"height":660},{"@type":"BreadcrumbList","@id":"https:\/\/basilicaconcepcion.es\/index.php\/2024\/09\/30\/iglesia-y-poder-en-espana-jose-francisco-serrano-oceja\/#breadcrumb","itemListElement":[{"@type":"ListItem","position":1,"name":"Portada","item":"https:\/\/basilicaconcepcion.es\/"},{"@type":"ListItem","position":2,"name":"Iglesia y Poder en Espa\u00f1a (Jos\u00e9 Francisco Serrano Oceja)"}]},{"@type":"WebSite","@id":"https:\/\/basilicaconcepcion.es\/#website","url":"https:\/\/basilicaconcepcion.es\/","name":"Bas\u00edlica de la Concepci\u00f3n","description":"","potentialAction":[{"@type":"SearchAction","target":{"@type":"EntryPoint","urlTemplate":"https:\/\/basilicaconcepcion.es\/?s={search_term_string}"},"query-input":{"@type":"PropertyValueSpecification","valueRequired":true,"valueName":"search_term_string"}}],"inLanguage":"es"},{"@type":"Person","@id":"https:\/\/basilicaconcepcion.es\/#\/schema\/person\/66056d2606ccfa8b947167d70e9a9963","name":"Juan Santamar\u00eda","image":{"@type":"ImageObject","inLanguage":"es","@id":"https:\/\/basilicaconcepcion.es\/#\/schema\/person\/image\/","url":"https:\/\/secure.gravatar.com\/avatar\/c76c262c3f11691e6626d3714168e730b63225ea1ae653ec217a0a5ffa36e22e?s=96&d=mm&r=g","contentUrl":"https:\/\/secure.gravatar.com\/avatar\/c76c262c3f11691e6626d3714168e730b63225ea1ae653ec217a0a5ffa36e22e?s=96&d=mm&r=g","caption":"Juan Santamar\u00eda"},"url":"https:\/\/basilicaconcepcion.es\/index.php\/author\/juansantamaria\/"}]}},"_links":{"self":[{"href":"https:\/\/basilicaconcepcion.es\/index.php\/wp-json\/wp\/v2\/posts\/5309","targetHints":{"allow":["GET"]}}],"collection":[{"href":"https:\/\/basilicaconcepcion.es\/index.php\/wp-json\/wp\/v2\/posts"}],"about":[{"href":"https:\/\/basilicaconcepcion.es\/index.php\/wp-json\/wp\/v2\/types\/post"}],"author":[{"embeddable":true,"href":"https:\/\/basilicaconcepcion.es\/index.php\/wp-json\/wp\/v2\/users\/3"}],"replies":[{"embeddable":true,"href":"https:\/\/basilicaconcepcion.es\/index.php\/wp-json\/wp\/v2\/comments?post=5309"}],"version-history":[{"count":7,"href":"https:\/\/basilicaconcepcion.es\/index.php\/wp-json\/wp\/v2\/posts\/5309\/revisions"}],"predecessor-version":[{"id":5337,"href":"https:\/\/basilicaconcepcion.es\/index.php\/wp-json\/wp\/v2\/posts\/5309\/revisions\/5337"}],"wp:featuredmedia":[{"embeddable":true,"href":"https:\/\/basilicaconcepcion.es\/index.php\/wp-json\/wp\/v2\/media\/5310"}],"wp:attachment":[{"href":"https:\/\/basilicaconcepcion.es\/index.php\/wp-json\/wp\/v2\/media?parent=5309"}],"wp:term":[{"taxonomy":"category","embeddable":true,"href":"https:\/\/basilicaconcepcion.es\/index.php\/wp-json\/wp\/v2\/categories?post=5309"},{"taxonomy":"post_tag","embeddable":true,"href":"https:\/\/basilicaconcepcion.es\/index.php\/wp-json\/wp\/v2\/tags?post=5309"}],"curies":[{"name":"wp","href":"https:\/\/api.w.org\/{rel}","templated":true}]}}